{"id":183592,"date":"2026-08-30T22:32:23","date_gmt":"2026-08-31T01:32:23","guid":{"rendered":"https:\/\/keynews.sr\/?p=183592"},"modified":"2026-08-30T22:32:23","modified_gmt":"2026-08-31T01:32:23","slug":"hombre-detenido-tras-robar-el-telefono-de-su-vecina","status":"publish","type":"post","link":"https:\/\/keynews.sr\/es\/hombre-detenido-tras-robar-el-telefono-de-su-vecina\/","title":{"rendered":"Hombre detenido tras robar el tel\u00e9fono de su vecina"},"content":{"rendered":"<p><span class=\"dropcap \" style=\"background-color: #ffffff; color: #000000; border-color: #ffffff;\">La<\/span> polic\u00eda de Richelieu detuvo el s\u00e1bado 22 de agosto a un hombre de 29 a\u00f1os sospechoso de haber robado el tel\u00e9fono m\u00f3vil de su vecina. El sospechoso confes\u00f3 haber sustra\u00eddo y vendido el dispositivo.<\/p>\n<p>La mujer denunci\u00f3 el hecho el martes 11 de agosto. Declar\u00f3 que desde hace ocho a\u00f1os trabaja como empleada dom\u00e9stica para una vecina. El d\u00eda en cuesti\u00f3n dej\u00f3 su tel\u00e9fono en la vivienda mientras realizaba labores en el exterior.<\/p>\n<p>Cuando regres\u00f3, el dispositivo hab\u00eda desaparecido. Sus sospechas recayeron sobre R.R., un familiar de su empleadora, ya que, seg\u00fan ella, era la \u00fanica persona que hab\u00eda entrado en la vivienda durante su ausencia. Las im\u00e1genes de seguridad tambi\u00e9n mostraron que solo el sospechoso hab\u00eda ingresado a la vivienda.<\/p>\n<p>R.R. fue detenido y presentado ante las autoridades con base en la informaci\u00f3n recopilada. Durante su interrogatorio, confes\u00f3 haber robado el tel\u00e9fono y posteriormente haberlo vendido. Declar\u00f3 que lo hizo porque la mujer supuestamente lo hab\u00eda llamado drogadicto.<\/p>\n<p>Un familiar indemniz\u00f3 a la mujer por el dispositivo robado. Tras consultar con el Ministerio P\u00fablico, R.R. fue puesto en libertad despu\u00e9s de su interrogatorio.<\/p>\n","protected":false},"excerpt":{"rendered":"<p>Un hombre de 29 a\u00f1os fue detenido por robar y vender el tel\u00e9fono de su vecina, luego de que im\u00e1genes de vigilancia lo mostraran claramente dentro de la vivienda.<\/p>\n","protected":false},"author":3,"featured_media":25618,"comment_status":"closed","ping_status":"closed","sticky":false,"template":"","format":"standard","meta":{"rop_custom_images_group":[],"rop_custom_messages_group":[],"rop_publish_now":"initial","rop_publish_now_accounts":{"facebook_29234516172805655_1309923202201307":"","facebook_29234516172805655_1158244960706604":"","facebook_29234516172805655_1093738170500407":"","facebook_29234516172805655_108923581283702":""},"rop_publish_now_history":[],"rop_publish_now_status":"pending","jnews-multi-image_gallery":[],"jnews_single_post":[],"jnews_primary_category":[],"jnews_override_counter":[],"footnotes":""},"categories":[138],"tags":[4761,20049,151,84,5636,108,146,89],"class_list":["post-183592","post","type-post","status-publish","format-standard","has-post-thumbnail","hentry","category-misdaad-nieuws","tag-buurman","tag-buurvrouw","tag-diefstal","tag-key-news","tag-misdrijf","tag-nieuws","tag-politie","tag-suriname"],"pp_statuses_selecting_workflow":false,"pp_workflow_action":"current","pp_status_selection":"publish","pp_force_visibility":null,"pp_subpost_visibility":null,"pp_inherited_force_visibility":null,"pp_inherited_subpost_visibility":null,"_links":{"self":[{"href":"https:\/\/keynews.sr\/es\/wp-json\/wp\/v2\/posts\/183592","targetHints":{"allow":["GET"]}}],"collection":[{"href":"https:\/\/keynews.sr\/es\/wp-json\/wp\/v2\/posts"}],"about":[{"href":"https:\/\/keynews.sr\/es\/wp-json\/wp\/v2\/types\/post"}],"author":[{"embeddable":true,"href":"https:\/\/keynews.sr\/es\/wp-json\/wp\/v2\/users\/3"}],"replies":[{"embeddable":true,"href":"https:\/\/keynews.sr\/es\/wp-json\/wp\/v2\/comments?post=183592"}],"version-history":[{"count":1,"href":"https:\/\/keynews.sr\/es\/wp-json\/wp\/v2\/posts\/183592\/revisions"}],"predecessor-version":[{"id":183601,"href":"https:\/\/keynews.sr\/es\/wp-json\/wp\/v2\/posts\/183592\/revisions\/183601"}],"wp:featuredmedia":[{"embeddable":true,"href":"https:\/\/keynews.sr\/es\/wp-json\/wp\/v2\/media\/25618"}],"wp:attachment":[{"href":"https:\/\/keynews.sr\/es\/wp-json\/wp\/v2\/media?parent=183592"}],"wp:term":[{"taxonomy":"category","embeddable":true,"href":"https:\/\/keynews.sr\/es\/wp-json\/wp\/v2\/categories?post=183592"},{"taxonomy":"post_tag","embeddable":true,"href":"https:\/\/keynews.sr\/es\/wp-json\/wp\/v2\/tags?post=183592"}],"curies":[{"name":"wp","href":"https:\/\/api.w.org\/{rel}","templated":true}]}}