{"id":183640,"date":"2026-08-31T17:18:35","date_gmt":"2026-08-31T20:18:35","guid":{"rendered":"https:\/\/keynews.sr\/?p=183640&preview=true&preview_id=183640"},"modified":"2026-08-31T13:48:35","modified_gmt":"2026-08-31T16:48:35","slug":"eas-advierte-surinam-carece-de-hasta-80-mw-de-capacidad-electrica","status":"publish","type":"post","link":"https:\/\/keynews.sr\/es\/eas-advierte-surinam-carece-de-hasta-80-mw-de-capacidad-electrica\/","title":{"rendered":"EAS advierte: Surinam carece de hasta 80 MW de capacidad el\u00e9ctrica"},"content":{"rendered":"<div class=\"intro-text\">\n<p>Seg\u00fan la Autoridad de Energ\u00eda de Surinam, el pa\u00eds enfrenta un d\u00e9ficit de capacidad de generaci\u00f3n de entre 60 y 80 megavatios. El director Anand Kalpoe advierte que se necesitan decisiones r\u00e1pidas de inversi\u00f3n, ya que la nueva capacidad de producci\u00f3n solo podr\u00eda estar disponible dentro de uno o dos a\u00f1os.<\/p>\n<\/div>\n<p><span class=\"dropcap\" style=\"background-color: #ffffff; color: #000000; border-color: #ffffff;\">S<\/span>urinam se encuentra, seg\u00fan el director Anand Kalpoe de la Autoridad de Energ\u00eda de Surinam (EAS), en una crisis energ\u00e9tica. El <strong>d\u00e9ficit de electricidad en Surinam<\/strong> se estima actualmente en unos 60 a 80 megavatios. Esto significa que la capacidad de producci\u00f3n disponible es insuficiente para cubrir por completo la creciente demanda de electricidad durante los momentos de mayor consumo.<\/p>\n<p>Kalpoe dijo en conversaci\u00f3n con <em>Radio ABC<\/em> que la carga m\u00e1xima el a\u00f1o pasado a\u00fan rondaba entre 230 y 240 megavatios. Para este a\u00f1o se prev\u00e9 una demanda m\u00e1xima de aproximadamente 280 megavatios. El aumento incrementa la presi\u00f3n sobre el sistema el\u00e9ctrico, especialmente cuando una parte de la producci\u00f3n habitual no est\u00e1 disponible.<\/p>\n<p>Durante el per\u00edodo seco, esa presi\u00f3n puede aumentar a\u00fan m\u00e1s. La contribuci\u00f3n de la energ\u00eda hidroel\u00e9ctrica puede disminuir cuando baja el nivel del agua, mientras que los hogares y las empresas utilizan m\u00e1s electricidad, entre otras cosas para refrigeraci\u00f3n. Esto ampl\u00eda la diferencia entre la capacidad disponible y la demanda real.<\/p>\n<h2>El rezago de a\u00f1os agrava el d\u00e9ficit de electricidad en Surinam<\/h2>\n<p>Seg\u00fan Kalpoe, el problema no surgi\u00f3 de forma repentina. El director de la EAS sostiene que durante a\u00f1os se invirti\u00f3 muy poco en ampliar la producci\u00f3n de electricidad. La \u00faltima ampliaci\u00f3n de la capacidad de generaci\u00f3n habr\u00eda tenido lugar alrededor de 2020, mientras que la demanda de electricidad ha seguido creciendo desde entonces.<\/p>\n<p>Adem\u00e1s, intervienen varios factores. El consumo el\u00e9ctrico de los hogares y las empresas aumenta y, al mismo tiempo, Surinam debe tener en cuenta el futuro crecimiento econ\u00f3mico. Los avances dentro del sector petrolero y gas\u00edfero tambi\u00e9n podr\u00edan conducir, a largo plazo, a una mayor necesidad de electricidad fiable y capacidad de producci\u00f3n adicional.<\/p>\n<h2>La nueva capacidad el\u00e9ctrica no estar\u00e1 disponible r\u00e1pidamente<\/h2>\n<p>Seg\u00fan Kalpoe, la Autoridad de Energ\u00eda de Surinam lleva tiempo llamando la atenci\u00f3n sobre la necesidad de planificar con anticipaci\u00f3n. La autoridad ha elaborado una visi\u00f3n estrat\u00e9gica a largo plazo, junto con planes de inversi\u00f3n para los pr\u00f3ximos a\u00f1os. En el <a href=\"https:\/\/eas.sr\/publicaties\/\" target=\"_blank\" rel=\"noopener\">sitio web de la Autoridad de Energ\u00eda de Surinam<\/a> se han publicado los componentes del Plan del Sector El\u00e9ctrico.<\/p>\n<p>Key News inform\u00f3 anteriormente que la EAS considera que el Plan del Sector El\u00e9ctrico debe vincularse a inversiones concretas, responsabilidades claras y normas exigibles. Seg\u00fan la autoridad, el ahorro energ\u00e9tico durante una crisis puede ayudar temporalmente, pero no puede resolver un d\u00e9ficit estructural de capacidad de producci\u00f3n. Lea tambi\u00e9n: <a href=\"https:\/\/keynews.sr\/es\/plan-del-sector-electrico-debe-proteger-a-surinam-contra-una-nueva-crisis-de-electricidad\/\">El Plan del Sector El\u00e9ctrico debe proteger a Surinam contra una nueva crisis el\u00e9ctrica<\/a>.<\/p>\n<blockquote class=\"pullquote align-center\"><p>Surinam debe tomar decisiones ahora para evitar nuevos d\u00e9ficits de electricidad dentro de uno o dos a\u00f1os.<\/p><\/blockquote>\n<h2>Las inversiones deben prepararse ahora<\/h2>\n<p>El Gobierno solicit\u00f3 anteriormente a EBS y Staatsolie que elaboraran opciones para ampliar la producci\u00f3n de electricidad. Entre ellas se analizan paneles solares y producci\u00f3n t\u00e9rmica adicional. Sin embargo, Kalpoe subraya que, incluso si se toman decisiones ahora, la nueva capacidad no estar\u00e1 disponible de inmediato.<\/p>\n<p>Seg\u00fan \u00e9l, debe tenerse en cuenta un per\u00edodo de al menos uno a dos a\u00f1os antes de que las nuevas instalaciones puedan suministrar electricidad efectivamente. Esto significa que Surinam seguir\u00e1 siendo vulnerable durante ese per\u00edodo a d\u00e9ficits, fallos t\u00e9cnicos, una menor producci\u00f3n hidroel\u00e9ctrica y una demanda de electricidad inesperadamente alta.<\/p>\n<h2>Las soluciones temporales implican altos costos<\/h2>\n<p>Una opci\u00f3n temporal es alquilar capacidad de generaci\u00f3n adicional. Seg\u00fan Kalpoe, este tipo de soluciones de emergencia puede ayudar a compensar el d\u00e9ficit durante un per\u00edodo determinado, pero implica costos elevados. Adem\u00e1s, no resuelven el problema subyacente de una capacidad de producci\u00f3n estructural insuficiente.<\/p>\n<p>El debate sobre el <strong>d\u00e9ficit de electricidad en Surinam<\/strong> surge en un momento en que EBS vuelve a enfrentar una fuerte presi\u00f3n sobre el suministro el\u00e9ctrico. El racionamiento el\u00e9ctrico, mediante el cual las zonas se desconectan alternativamente de la red el\u00e9ctrica, ha vuelto a generar preocupaci\u00f3n entre los hogares y los empresarios.<\/p>\n<h2>Se necesita una mejor comunicaci\u00f3n sobre el racionamiento el\u00e9ctrico<\/h2>\n<p>Kalpoe considera que la comunicaci\u00f3n sobre el racionamiento el\u00e9ctrico debe mejorar. Un calendario de desconexiones publicado con antelaci\u00f3n puede ayudar a los hogares y las empresas a prepararse para los cortes de electricidad. Los empresarios pueden planificar mejor sus actividades y las familias pueden tener en cuenta los momentos en los que la electricidad podr\u00eda no estar disponible.<\/p>\n<p>Al mismo tiempo, el director de la EAS advierte que un calendario de desconexiones no siempre puede ejecutarse con exactitud. La carga de la red el\u00e9ctrica puede cambiar inesperadamente, por lo que en determinados momentos se debe intervenir con mayor rapidez o de otra manera para mantener estable el sistema.<\/p>\n<h2>Usar menos electricidad durante las horas punta<\/h2>\n<p>A corto plazo, Kalpoe pide a los hogares y las empresas que, cuando sea posible, utilicen menos electricidad durante las horas de mayor demanda. Esto se aplica especialmente alrededor del mediod\u00eda y entre las 19.00 y las 21.00 horas. Un menor consumo durante estos per\u00edodos puede aliviar temporalmente la presi\u00f3n sobre el sistema.<\/p>\n<p>Sin embargo, seg\u00fan la EAS, el llamado no cambia la necesidad de tomar decisiones estructurales. Sin una ampliaci\u00f3n de la capacidad de producci\u00f3n, seguir\u00e1 existiendo el riesgo de que Surinam vuelva a enfrentar racionamientos el\u00e9ctricos ante un fuerte crecimiento de la demanda, per\u00edodos secos o problemas t\u00e9cnicos.<\/p>\n<p>&nbsp;<\/p>\n<p>Por lo tanto, las pr\u00f3ximas decisiones sobre inversiones, fuentes de energ\u00eda y la ejecuci\u00f3n del Plan del Sector El\u00e9ctrico ser\u00e1n determinantes para la fiabilidad del suministro el\u00e9ctrico. Kalpoe quiere sobre todo evitar que el pa\u00eds vuelva a enfrentarse a los mismos problemas dentro de algunos a\u00f1os. \u00abAsegur\u00e9monos de que esto no se repita\u00bb, afirm\u00f3 el director de la EAS.<\/p>\n","protected":false},"excerpt":{"rendered":"<p>Surinam enfrenta un d\u00e9ficit el\u00e9ctrico de 60 a 80 MW debido a a\u00f1os de falta de inversi\u00f3n, por lo que nueva capacidad no estar\u00e1 disponible hasta dentro de uno o dos a\u00f1os y aumenta el riesgo de cortes.<\/p>\n","protected":false},"author":3,"featured_media":183642,"comment_status":"closed","ping_status":"closed","sticky":false,"template":"","format":"standard","meta":{"rop_custom_images_group":[],"rop_custom_messages_group":[],"rop_publish_now":"initial","rop_publish_now_accounts":{"facebook_29234516172805655_1309923202201307":"","facebook_29234516172805655_1158244960706604":"","facebook_29234516172805655_1093738170500407":"","facebook_29234516172805655_108923581283702":""},"rop_publish_now_history":[],"rop_publish_now_status":"pending","jnews-multi-image_gallery":[],"jnews_single_post":[],"jnews_primary_category":[],"jnews_override_counter":[],"footnotes":""},"categories":[16347],"tags":[20106,20107,20103,20105,20104,20102,20100,20101,18475,19905],"class_list":["post-183640","post","type-post","status-publish","format-standard","has-post-thumbnail","hentry","category-general","tag-anand-kalpoe","tag-capacidad-de-generacion","tag-crisis-energetica","tag-deficit-electrico-en-surinam","tag-deslastre-de-carga","tag-eas","tag-ebs","tag-electricidad","tag-keynews","tag-keynewssuriname"],"pp_statuses_selecting_workflow":false,"pp_workflow_action":"current","pp_status_selection":"publish","pp_force_visibility":null,"pp_subpost_visibility":null,"pp_inherited_force_visibility":null,"pp_inherited_subpost_visibility":null,"_links":{"self":[{"href":"https:\/\/keynews.sr\/es\/wp-json\/wp\/v2\/posts\/183640","targetHints":{"allow":["GET"]}}],"collection":[{"href":"https:\/\/keynews.sr\/es\/wp-json\/wp\/v2\/posts"}],"about":[{"href":"https:\/\/keynews.sr\/es\/wp-json\/wp\/v2\/types\/post"}],"author":[{"embeddable":true,"href":"https:\/\/keynews.sr\/es\/wp-json\/wp\/v2\/users\/3"}],"replies":[{"embeddable":true,"href":"https:\/\/keynews.sr\/es\/wp-json\/wp\/v2\/comments?post=183640"}],"version-history":[{"count":1,"href":"https:\/\/keynews.sr\/es\/wp-json\/wp\/v2\/posts\/183640\/revisions"}],"predecessor-version":[{"id":183755,"href":"https:\/\/keynews.sr\/es\/wp-json\/wp\/v2\/posts\/183640\/revisions\/183755"}],"wp:featuredmedia":[{"embeddable":true,"href":"https:\/\/keynews.sr\/es\/wp-json\/wp\/v2\/media\/183642"}],"wp:attachment":[{"href":"https:\/\/keynews.sr\/es\/wp-json\/wp\/v2\/media?parent=183640"}],"wp:term":[{"taxonomy":"category","embeddable":true,"href":"https:\/\/keynews.sr\/es\/wp-json\/wp\/v2\/categories?post=183640"},{"taxonomy":"post_tag","embeddable":true,"href":"https:\/\/keynews.sr\/es\/wp-json\/wp\/v2\/tags?post=183640"}],"curies":[{"name":"wp","href":"https:\/\/api.w.org\/{rel}","templated":true}]}}