{"id":183728,"date":"2026-08-31T18:49:04","date_gmt":"2026-08-31T21:49:04","guid":{"rendered":"https:\/\/keynews.sr\/?p=183728"},"modified":"2026-08-31T18:49:04","modified_gmt":"2026-08-31T21:49:04","slug":"adolescente-detenido-tras-apunalamiento-mortal-en-moengo","status":"publish","type":"post","link":"https:\/\/keynews.sr\/es\/adolescente-detenido-tras-apunalamiento-mortal-en-moengo\/","title":{"rendered":"Adolescente detenido tras apu\u00f1alamiento mortal en Moengo"},"content":{"rendered":"<p><span class=\"dropcap \" style=\"background-color: #ffffff; color: #000000; border-color: #ffffff;\">La<\/span> polic\u00eda de Moengo detuvo el domingo 30 de agosto al adolescente D.R. tras una pelea en la que P.V. result\u00f3 herido de muerte. El sospechoso presuntamente apu\u00f1al\u00f3 a la v\u00edctima en el abdomen durante el enfrentamiento.<\/p>\n<p>La polic\u00eda recibi\u00f3 una denuncia de una mujer que inform\u00f3 que se estaba produciendo una pelea frente a la entrada y salida de su vivienda. A su llegada, la v\u00edctima se encontraba tendida y sangrando junto a la cuneta.<\/p>\n<p>Seg\u00fan la investigaci\u00f3n policial preliminar, se produjo una pelea entre D.R. y P.V. El sospechoso presuntamente amenaz\u00f3 a la v\u00edctima y posteriormente sac\u00f3 un cuchillo. Despu\u00e9s de que la mujer dijera que avisar\u00eda a la polic\u00eda, los presentes lograron separar a los dos.<\/p>\n<p>La mujer intent\u00f3 entonces calmar a D.R. y quitarle el cuchillo, pero no lo consigui\u00f3. En un momento dado, P.V. corri\u00f3 en direcci\u00f3n al sospechoso, tras lo cual D.R. presuntamente lo hiri\u00f3 con el cuchillo en la zona abdominal.\u00a0La v\u00edctima fue trasladada a la policl\u00ednica de RGD en Moengo para recibir tratamiento m\u00e9dico, pero falleci\u00f3 a causa de sus heridas.<\/p>\n<p>Los presentes retuvieron al sospechoso y lo entregaron a la polic\u00eda. Tras ser presentado ante las autoridades, D.R. qued\u00f3 bajo custodia.<\/p>\n<p>La polic\u00eda de Moengo contin\u00faa investigando el caso.<\/p>\n","protected":false},"excerpt":{"rendered":"<p>Un adolescente fue detenido tras un apu\u00f1alamiento en Moengo en el que un hombre result\u00f3 herido de muerte. La v\u00edctima falleci\u00f3 a causa de sus heridas en la cl\u00ednica.<\/p>\n","protected":false},"author":3,"featured_media":183512,"comment_status":"closed","ping_status":"closed","sticky":false,"template":"","format":"standard","meta":{"rop_custom_images_group":[],"rop_custom_messages_group":[],"rop_publish_now":"initial","rop_publish_now_accounts":{"facebook_29234516172805655_1309923202201307":"","facebook_29234516172805655_1158244960706604":"","facebook_29234516172805655_1093738170500407":"","facebook_29234516172805655_108923581283702":""},"rop_publish_now_history":[],"rop_publish_now_status":"pending","jnews-multi-image_gallery":[],"jnews_single_post":[],"jnews_primary_category":[],"jnews_override_counter":[],"footnotes":""},"categories":[16304],"tags":[16305,20240,16307,16308,16306,20239],"class_list":["post-183728","post","type-post","status-publish","format-standard","has-post-thumbnail","hentry","category-crimen-y-sucesos","tag-key-news","tag-moengo","tag-noticias","tag-policia","tag-surinam","tag-violencia"],"pp_statuses_selecting_workflow":false,"pp_workflow_action":"current","pp_status_selection":"publish","pp_force_visibility":null,"pp_subpost_visibility":null,"pp_inherited_force_visibility":null,"pp_inherited_subpost_visibility":null,"_links":{"self":[{"href":"https:\/\/keynews.sr\/es\/wp-json\/wp\/v2\/posts\/183728","targetHints":{"allow":["GET"]}}],"collection":[{"href":"https:\/\/keynews.sr\/es\/wp-json\/wp\/v2\/posts"}],"about":[{"href":"https:\/\/keynews.sr\/es\/wp-json\/wp\/v2\/types\/post"}],"author":[{"embeddable":true,"href":"https:\/\/keynews.sr\/es\/wp-json\/wp\/v2\/users\/3"}],"replies":[{"embeddable":true,"href":"https:\/\/keynews.sr\/es\/wp-json\/wp\/v2\/comments?post=183728"}],"version-history":[{"count":1,"href":"https:\/\/keynews.sr\/es\/wp-json\/wp\/v2\/posts\/183728\/revisions"}],"predecessor-version":[{"id":183768,"href":"https:\/\/keynews.sr\/es\/wp-json\/wp\/v2\/posts\/183728\/revisions\/183768"}],"wp:featuredmedia":[{"embeddable":true,"href":"https:\/\/keynews.sr\/es\/wp-json\/wp\/v2\/media\/183512"}],"wp:attachment":[{"href":"https:\/\/keynews.sr\/es\/wp-json\/wp\/v2\/media?parent=183728"}],"wp:term":[{"taxonomy":"category","embeddable":true,"href":"https:\/\/keynews.sr\/es\/wp-json\/wp\/v2\/categories?post=183728"},{"taxonomy":"post_tag","embeddable":true,"href":"https:\/\/keynews.sr\/es\/wp-json\/wp\/v2\/tags?post=183728"}],"curies":[{"name":"wp","href":"https:\/\/api.w.org\/{rel}","templated":true}]}}