{"id":183743,"date":"2026-08-31T15:28:32","date_gmt":"2026-08-31T18:28:32","guid":{"rendered":"https:\/\/keynews.sr\/un-muerto-y-un-herido-en-accidente-de-trafico-en-afobakaweg\/"},"modified":"2026-08-31T17:33:40","modified_gmt":"2026-08-31T20:33:40","slug":"un-muerto-y-un-herido-en-accidente-de-trafico-en-afobakaweg","status":"publish","type":"post","link":"https:\/\/keynews.sr\/es\/un-muerto-y-un-herido-en-accidente-de-trafico-en-afobakaweg\/","title":{"rendered":"Un muerto y un herido en accidente de tr\u00e1fico en Afobakaweg"},"content":{"rendered":"<p><span class=\"dropcap \" style=\"background-color: #ffffff;color: #000000;border-color: #ffffff\">U<\/span>na persona muri\u00f3 en un accidente de tr\u00e1nsito ocurrido en la carretera Afobaka la ma\u00f1ana del lunes 31 de agosto. Una segunda v\u00edctima result\u00f3 herida y fue trasladada al hospital.<\/p>\n<p>El accidente ocurri\u00f3 cerca del poste 29 en Paranam. La v\u00edctima muri\u00f3 en el lugar a causa de las heridas sufridas.<\/p>\n<p>La otra persona involucrada fue trasladada en ambulancia al Servicio de Urgencias del Academic Hospital Paramaribo para recibir tratamiento m\u00e9dico. A\u00fan no se conoce el estado de esta persona.<\/p>\n<p>Tampoco est\u00e1 claro todav\u00eda qu\u00e9 caus\u00f3 el accidente. Se dar\u00e1 m\u00e1s informaci\u00f3n posteriormente.<\/p>\n","protected":false},"excerpt":{"rendered":"<p>Una persona muri\u00f3 y otra result\u00f3 herida en un grave accidente en Afobakaweg. La v\u00edctima falleci\u00f3 en el lugar; la causa del accidente a\u00fan se desconoce.<\/p>\n","protected":false},"author":4,"featured_media":176161,"comment_status":"closed","ping_status":"","sticky":false,"template":"","format":"standard","meta":{"rop_custom_images_group":[],"rop_custom_messages_group":[],"rop_publish_now":"initial","rop_publish_now_accounts":{"facebook_29234516172805655_1309923202201307":"","facebook_29234516172805655_1158244960706604":"","facebook_29234516172805655_1093738170500407":"","facebook_29234516172805655_108923581283702":""},"rop_publish_now_history":[],"rop_publish_now_status":"pending","jnews-multi-image_gallery":[],"jnews_single_post":[],"jnews_primary_category":[],"jnews_override_counter":[],"footnotes":""},"categories":[16304],"tags":[20236,16305,16307,20235,16306,18253],"class_list":["post-183743","post","type-post","status-publish","format-standard","has-post-thumbnail","hentry","category-crimen-y-sucesos","tag-accidente","tag-key-news","tag-noticias","tag-seguridad","tag-surinam","tag-trafico"],"pp_statuses_selecting_workflow":false,"pp_workflow_action":"current","pp_status_selection":"publish","pp_force_visibility":null,"pp_subpost_visibility":null,"pp_inherited_force_visibility":null,"pp_inherited_subpost_visibility":null,"_links":{"self":[{"href":"https:\/\/keynews.sr\/es\/wp-json\/wp\/v2\/posts\/183743","targetHints":{"allow":["GET"]}}],"collection":[{"href":"https:\/\/keynews.sr\/es\/wp-json\/wp\/v2\/posts"}],"about":[{"href":"https:\/\/keynews.sr\/es\/wp-json\/wp\/v2\/types\/post"}],"author":[{"embeddable":true,"href":"https:\/\/keynews.sr\/es\/wp-json\/wp\/v2\/users\/4"}],"replies":[{"embeddable":true,"href":"https:\/\/keynews.sr\/es\/wp-json\/wp\/v2\/comments?post=183743"}],"version-history":[{"count":1,"href":"https:\/\/keynews.sr\/es\/wp-json\/wp\/v2\/posts\/183743\/revisions"}],"predecessor-version":[{"id":183752,"href":"https:\/\/keynews.sr\/es\/wp-json\/wp\/v2\/posts\/183743\/revisions\/183752"}],"wp:featuredmedia":[{"embeddable":true,"href":"https:\/\/keynews.sr\/es\/wp-json\/wp\/v2\/media\/176161"}],"wp:attachment":[{"href":"https:\/\/keynews.sr\/es\/wp-json\/wp\/v2\/media?parent=183743"}],"wp:term":[{"taxonomy":"category","embeddable":true,"href":"https:\/\/keynews.sr\/es\/wp-json\/wp\/v2\/categories?post=183743"},{"taxonomy":"post_tag","embeddable":true,"href":"https:\/\/keynews.sr\/es\/wp-json\/wp\/v2\/tags?post=183743"}],"curies":[{"name":"wp","href":"https:\/\/api.w.org\/{rel}","templated":true}]}}