{"id":184353,"date":"2026-08-31T19:25:34","date_gmt":"2026-08-31T22:25:34","guid":{"rendered":"https:\/\/keynews.sr\/el-racionamiento-electrico-sigue-siendo-impredecible-debido-a-la-carga-variable-en-la-red-de-ebs\/"},"modified":"2026-08-31T20:33:43","modified_gmt":"2026-08-31T23:33:43","slug":"el-racionamiento-electrico-sigue-siendo-impredecible-debido-a-la-carga-variable-en-la-red-de-ebs","status":"publish","type":"post","link":"https:\/\/keynews.sr\/es\/el-racionamiento-electrico-sigue-siendo-impredecible-debido-a-la-carga-variable-en-la-red-de-ebs\/","title":{"rendered":"El racionamiento el\u00e9ctrico sigue siendo impredecible debido a la carga variable en la red de EBS"},"content":{"rendered":"<div class=\"intro-text\">\n<p>Los hogares y las empresas de Surinam se quejan de que apenas pueden anticiparse a los cortes de electricidad, debido a la ausencia de un esquema fijo de cortes de carga. Seg\u00fan informaci\u00f3n de Key News, esto no solo se debe a la comunicaci\u00f3n, sino tambi\u00e9n a la carga constantemente cambiante de la red el\u00e9ctrica.<\/p>\n<\/div>\n<p>&nbsp;<\/p>\n<p><span class=\"dropcap\" style=\"background-color: #ffffff;color: #000000;border-color: #ffffff\">M<\/span>uchas empresas y hogares se preguntan por qu\u00e9 EnergieBedrijven Suriname, EBS, no publica un claro <strong>esquema de cortes de carga<\/strong> con el que puedan coordinar su trabajo y actividades diarias. Key News ha sabido que EBS s\u00ed puede determinar qu\u00e9 l\u00edneas son elegibles para la desconexi\u00f3n, pero no se puede establecer con certeza de antemano cu\u00e1ntas l\u00edneas deber\u00e1n realmente desconectarse en un momento determinado.<\/p>\n<p>La raz\u00f3n es que los cortes de carga est\u00e1n directamente relacionados con la carga de la red el\u00e9ctrica. Cuando la demanda de electricidad es menor de lo esperado, se deben desconectar menos l\u00edneas. Por ejemplo, si previamente se tienen en cuenta diez l\u00edneas, en la pr\u00e1ctica puede ocurrir que solo se desconecten cuatro porque el d\u00e9ficit en ese momento es menor.<\/p>\n<p>Tambi\u00e9n puede ocurrir lo contrario. Cuando el consumo de electricidad aumenta repentinamente, una unidad de producci\u00f3n falla o hay menos potencia disponible de la prevista, EBS puede verse obligada a desconectar zonas adicionales que no figuraban en una lista elaborada previamente. Por ello, un esquema publicado con antelaci\u00f3n puede quedar desactualizado poco antes o durante su aplicaci\u00f3n.<\/p>\n<p>Para Sherine, que dirige una guarder\u00eda, es inhumano que EBS no pueda elaborar un esquema. \u00abAqu\u00ed tengo ni\u00f1os y beb\u00e9s bajo cuidado. Entonces no puedo planificar, porque estar de tres a cuatro horas sin electricidad con ni\u00f1os peque\u00f1os en este calor es inhumano. Tampoco puedo llamar de forma improvisada a los padres para que recojan a los ni\u00f1os\u00bb, se queja la empresaria.<\/p>\n<h2>Por qu\u00e9 es dif\u00edcil establecer un esquema de cortes de carga<\/h2>\n<p>EBS inform\u00f3 el 25 de agosto que el consumo de electricidad ha aumentado m\u00e1s de lo previsto en las \u00faltimas semanas. Seg\u00fan la empresa, antes de ese aumento ya apenas hab\u00eda margen en la capacidad de producci\u00f3n disponible. Actualmente <strong>no hay capacidad de reserva<\/strong> disponible, por lo que fallas imprevistas o aver\u00edas t\u00e9cnicas pueden incrementar de inmediato la necesidad de desconexiones. EBS explica la situaci\u00f3n en un <a href=\"https:\/\/nvebs.com\/nieuws\/1588\/toename-energieverbruik-tijdens-droge-tijd\" target=\"_blank\" rel=\"noopener\">comunicado oficial sobre el aumento del consumo de energ\u00eda<\/a>.<\/p>\n<p>Esto significa que el operador de la red debe determinar, bas\u00e1ndose en la carga actual, cu\u00e1nta potencia debe retirarse del sistema para evitar que la red el\u00e9ctrica se vuelva inestable. En esa situaci\u00f3n, un esquema de cortes de carga puede, como m\u00e1ximo, ofrecer una indicaci\u00f3n, pero no garantizar que exactamente los mismos barrios se queden sin electricidad exactamente a las mismas horas.<\/p>\n<h2>Aumentan las cr\u00edticas a la comunicaci\u00f3n de EBS<\/h2>\n<p>Precisamente esa incertidumbre provoca una frustraci\u00f3n creciente. Los empresarios indican que les resulta dif\u00edcil planificar al personal, los procesos de producci\u00f3n, la refrigeraci\u00f3n, las conexiones a internet y los clientes cuando no est\u00e1 claro cu\u00e1ndo se interrumpir\u00e1 el suministro el\u00e9ctrico. Los hogares tambi\u00e9n afirman necesitar informaci\u00f3n oportuna para tener en cuenta la cocina, el trabajo desde casa y otras necesidades diarias.<\/p>\n<p>El director Anand Kalpoe de la Energie Autoriteit Suriname tambi\u00e9n ha indicado que la comunicaci\u00f3n en torno a los cortes de carga puede mejorar. Considera deseable un esquema de desconexiones publicado con antelaci\u00f3n, para que los ciudadanos y las empresas tengan m\u00e1s certidumbre. Al mismo tiempo, reconoce que las fluctuaciones de la carga dificultan ejecutar siempre con exactitud un esquema de este tipo.<\/p>\n<blockquote class=\"pullquote align-center\"><p>Un esquema ofrece certidumbre, pero la carga de la red determina en \u00faltima instancia qu\u00e9 l\u00edneas se desconectan.<\/p><\/blockquote>\n<p>&nbsp;<\/p>\n<h2>Un esquema de cortes de carga no exime a EBS de su deber de comunicaci\u00f3n<\/h2>\n<p>El hecho de que un <strong>esquema de cortes de carga<\/strong> no siempre pueda aplicarse exactamente por razones t\u00e9cnicas no significa, seg\u00fan los cr\u00edticos, que EBS no pueda proporcionar mejor informaci\u00f3n. La empresa podr\u00eda, por ejemplo, trabajar con franjas horarias provisionales e indicar claramente que las zonas solo ser\u00e1n desconectadas cuando la carga lo haga necesario, son algunas de las cr\u00edticas que se leen en las redes sociales. Los cambios podr\u00edan comunicarse posteriormente lo antes posible a trav\u00e9s de los canales habituales.<\/p>\n<p>Para las empresas y los hogares, incluso una planificaci\u00f3n provisional puede ser valiosa. \u00abAunque la electricidad no se corte en la hora o fecha que indiquen, al menos puedo planificar en funci\u00f3n de ello. \u00a1Pero digan algo al menos!\u00bb, afirma Sherine.\u00a0 Por tanto, la cr\u00edtica no se centra \u00fanicamente en la ausencia de un esquema garantizado, sino sobre todo en la cuesti\u00f3n de cu\u00e1nta previsibilidad puede ofrecer EBS dentro de las actuales limitaciones t\u00e9cnicas.<\/p>\n<h2>Las cr\u00edticas van m\u00e1s all\u00e1 del esquema de cortes de carga<\/h2>\n<p>Mientras tanto, las cr\u00edticas sociales tambi\u00e9n se dirigen a la planificaci\u00f3n de EBS y a las inversiones en nueva capacidad de producci\u00f3n. El miembro de la DNA Jerrel Pawiroredjo afirm\u00f3 en el Parlamento que la empresa estatal no ha planificado adecuadamente con antelaci\u00f3n. Dijo que su vendedor de verduras puede planificar mejor que EBS y pregunt\u00f3 por qu\u00e9 la creciente demanda de electricidad no condujo antes a inversiones concretas. <a href=\"https:\/\/keynews.sr\/es\/pawiroredjo-arremete-contra-ebs-mi-verdulero-puede-planificar-mejor\/\">Key News inform\u00f3 anteriormente en detalle sobre estas cr\u00edticas a EBS<\/a>.<\/p>\n<p>La Energie Autoriteit Suriname tambi\u00e9n se\u00f1ala que el d\u00e9ficit actual no surgi\u00f3 de repente. Seg\u00fan Kalpoe, Surinam enfrenta un d\u00e9ficit de capacidad de generaci\u00f3n estimado en <strong>60 a 80 megavatios<\/strong>. La demanda de electricidad ha crecido en los \u00faltimos a\u00f1os, mientras que no se ha a\u00f1adido nueva capacidad de producci\u00f3n al mismo ritmo. Adem\u00e1s, la nueva capacidad estructural solo podr\u00eda estar disponible dentro de uno a dos a\u00f1os.<\/p>\n<h2>La crisis energ\u00e9tica exige decisiones estructurales<\/h2>\n<p>El vicepresidente Gregory Rusland tambi\u00e9n ha indicado que los problemas dentro del sector el\u00e9ctrico no han surgido de repente. Quiere volver a dialogar con EBS sobre la capacidad disponible, los planes de inversi\u00f3n y las medidas necesarias para prevenir futuros d\u00e9ficits. Con ello, el debate se desplaza cada vez m\u00e1s claramente de las medidas de emergencia a la cuesti\u00f3n de por qu\u00e9 las ampliaciones necesarias no se realizaron antes.<\/p>\n<p>El debate sobre el esquema de cortes de carga deja as\u00ed al descubierto un problema mayor. Incluso si EBS publicara diariamente una planificaci\u00f3n, el d\u00e9ficit subyacente seguir\u00eda existiendo. Mientras no haya suficiente capacidad de reserva, las fallas imprevistas o los picos de consumo pueden hacer que se deban desconectar m\u00e1s zonas de las inicialmente previstas.<\/p>\n<h2>Se necesita m\u00e1s producci\u00f3n y capacidad de reserva<\/h2>\n<p>Por ello, la Energie Autoriteit Suriname aboga por la ejecuci\u00f3n del Plan del Sector El\u00e9ctrico, que contempla, entre otros aspectos, la ampliaci\u00f3n de la capacidad de producci\u00f3n, el mantenimiento, la capacidad de reserva y el refuerzo de la infraestructura de la red. Seg\u00fan el organismo regulador, el ahorro energ\u00e9tico durante una crisis no debe sustituir las inversiones, la planificaci\u00f3n y la regulaci\u00f3n. <a href=\"https:\/\/keynews.sr\/es\/plan-del-sector-electrico-debe-proteger-a-surinam-contra-una-nueva-crisis-de-electricidad\/\">Lea aqu\u00ed m\u00e1s sobre el Plan del Sector El\u00e9ctrico y las advertencias de la EAS<\/a>.<\/p>\n<p>Para las empresas, la situaci\u00f3n actual es m\u00e1s que una simple incomodidad. Un corte inesperado de electricidad puede provocar p\u00e9rdidas de producci\u00f3n, da\u00f1os a los equipos, problemas con productos refrigerados y costos adicionales de generadores y combustible. Los peque\u00f1os empresarios sin suministro el\u00e9ctrico de emergencia incluso pueden verse obligados a paralizar por completo sus actividades.<\/p>\n","protected":false},"excerpt":{"rendered":"<p>La carga variable e impredecible en la red de EBS hace imposible establecer un calendario fijo de racionamiento el\u00e9ctrico, lo que genera frustraci\u00f3n entre empresas y hogares que no pueden planificar sus actividades.<\/p>\n","protected":false},"author":4,"featured_media":184354,"comment_status":"closed","ping_status":"","sticky":false,"template":"","format":"standard","meta":{"rop_custom_images_group":[],"rop_custom_messages_group":[],"rop_publish_now":"initial","rop_publish_now_accounts":{"facebook_29234516172805655_1309923202201307":"","facebook_29234516172805655_1158244960706604":"","facebook_29234516172805655_1093738170500407":"","facebook_29234516172805655_108923581283702":""},"rop_publish_now_history":[],"rop_publish_now_status":"pending","jnews-multi-image_gallery":[],"jnews_single_post":[],"jnews_primary_category":[],"jnews_override_counter":[],"footnotes":""},"categories":[16347],"tags":[20267,20265,20266,20102,20100,20101,20264,20268,18475,19905],"class_list":["post-184353","post","type-post","status-publish","format-standard","has-post-thumbnail","hentry","category-general","tag-calendario-de-racionamiento-electrico","tag-corte-de-electricidad","tag-crisis-energetica-suriname","tag-eas","tag-ebs","tag-electricidad","tag-empresas-energeticas-suriname","tag-escasez-de-electricidad","tag-keynews","tag-keynewssuriname"],"pp_statuses_selecting_workflow":false,"pp_workflow_action":"current","pp_status_selection":"publish","pp_force_visibility":null,"pp_subpost_visibility":null,"pp_inherited_force_visibility":null,"pp_inherited_subpost_visibility":null,"_links":{"self":[{"href":"https:\/\/keynews.sr\/es\/wp-json\/wp\/v2\/posts\/184353","targetHints":{"allow":["GET"]}}],"collection":[{"href":"https:\/\/keynews.sr\/es\/wp-json\/wp\/v2\/posts"}],"about":[{"href":"https:\/\/keynews.sr\/es\/wp-json\/wp\/v2\/types\/post"}],"author":[{"embeddable":true,"href":"https:\/\/keynews.sr\/es\/wp-json\/wp\/v2\/users\/4"}],"replies":[{"embeddable":true,"href":"https:\/\/keynews.sr\/es\/wp-json\/wp\/v2\/comments?post=184353"}],"version-history":[{"count":1,"href":"https:\/\/keynews.sr\/es\/wp-json\/wp\/v2\/posts\/184353\/revisions"}],"predecessor-version":[{"id":184360,"href":"https:\/\/keynews.sr\/es\/wp-json\/wp\/v2\/posts\/184353\/revisions\/184360"}],"wp:featuredmedia":[{"embeddable":true,"href":"https:\/\/keynews.sr\/es\/wp-json\/wp\/v2\/media\/184354"}],"wp:attachment":[{"href":"https:\/\/keynews.sr\/es\/wp-json\/wp\/v2\/media?parent=184353"}],"wp:term":[{"taxonomy":"category","embeddable":true,"href":"https:\/\/keynews.sr\/es\/wp-json\/wp\/v2\/categories?post=184353"},{"taxonomy":"post_tag","embeddable":true,"href":"https:\/\/keynews.sr\/es\/wp-json\/wp\/v2\/tags?post=184353"}],"curies":[{"name":"wp","href":"https:\/\/api.w.org\/{rel}","templated":true}]}}