{"id":184382,"date":"2026-09-01T06:02:31","date_gmt":"2026-09-01T09:02:31","guid":{"rendered":"https:\/\/keynews.sr\/?p=184382&preview=true&preview_id=184382"},"modified":"2026-08-31T15:40:31","modified_gmt":"2026-08-31T18:40:31","slug":"uvav-advierte-a-ebs-sobre-condiciones-desiguales-en-las-elecciones-de-owos","status":"publish","type":"post","link":"https:\/\/keynews.sr\/es\/uvav-advierte-a-ebs-sobre-condiciones-desiguales-en-las-elecciones-de-owos\/","title":{"rendered":"UvAV advierte a EBS sobre condiciones desiguales en las elecciones de OWOS"},"content":{"rendered":"<div class=\"intro-text\">\n<p>La central sindical Unie van Assertieve Vakbonden (UvAV) advierte sobre una posible desigualdad durante las pr\u00f3ximas elecciones de OWOS en Energie Bedrijven Suriname. Seg\u00fan la central sindical, EBS debe evitar toda apariencia de favoritismo y permitir que todos los candidatos participen bajo las mismas condiciones.<\/p>\n<\/div>\n<p><span class=\"dropcap\" style=\"background-color: #ffffff;color: #000000;border-color: #ffffff\">L<\/span>a Unie van Assertieve Vakbonden (UvAV) califica de \u00abtotalmente inaceptable\u00bb un posible terreno de juego desigual en torno a las <strong>elecciones de OWOS<\/strong>. La central sindical responde a informes y quejas sobre la forma en que se facilita la campa\u00f1a para la nueva directiva de la organizaci\u00f3n de trabajadores en Energie Bedrijven Suriname. Las elecciones est\u00e1n previstas para el 10 de septiembre de 2026.<\/p>\n<p><img decoding=\"async\" src=\"PLAATS_HIER_DE_AFBEELDINGS_URL\" alt=\"OWOS verkiezingen\" title=\"\"><\/p>\n<p>Seg\u00fan la UvAV, han surgido serias interrogantes sobre la posici\u00f3n de la direcci\u00f3n de EBS durante la contienda electoral. Se afirma que Team Bondru tendr\u00eda acceso a veh\u00edculos y complejos de la empresa, y que los candidatos a la directiva y los responsables de campa\u00f1a recibir\u00edan exenciones. Seg\u00fan esos mismos informes, la directiva actual, en cambio, se enfrentar\u00eda a restricciones.<\/p>\n<p>La central sindical enfatiza que estas afirmaciones tienen un peso considerable si resultan ser correctas. Seg\u00fan la UvAV, no se trata \u00fanicamente de cuestiones pr\u00e1cticas como veh\u00edculos, espacios o exenciones, sino del principio de que un sindicato debe poder funcionar independientemente del empleador y que los trabajadores deben poder elegir libremente a sus representantes.<\/p>\n<h2>UvAV exige igualdad de condiciones en las elecciones de OWOS<\/h2>\n<p>La UvAV sostiene que un empleador no puede ser simult\u00e1neamente participante, \u00e1rbitro y facilitador. Cuando un grupo obtiene mayor acceso a recursos o instalaciones de la empresa que otro, seg\u00fan la central sindical puede surgir la impresi\u00f3n de que el empleador ejerce influencia sobre las elecciones internas del sindicato.<\/p>\n<p>Las acusaciones de favoritismo no han sido verificadas de forma independiente por Key News hasta el momento. Sin embargo, se sabe que la disputa en torno a la directiva de OWOS se ha intensificado en los \u00faltimos d\u00edas. OWOS y el presidente Marciano Hellings acudieron al juez de medidas cautelares para exigir, entre otras cosas, acceso a terrenos de EBS y un veh\u00edculo para actividades electorales. Esas demandas fueron rechazadas. La motivaci\u00f3n precisa de la sentencia a\u00fan no era p\u00fablica al momento de la primera informaci\u00f3n.<\/p>\n<h2>Las normas de la OIT protegen la libre elecci\u00f3n sindical<\/h2>\n<p>La UvAV remite al <a href=\"https:\/\/www.ilo.org\/resource\/other\/c87-freedom-association-and-protection-right-organise-convention-1948\" target=\"_blank\" rel=\"noopener\">Convenio 87 de la OIT sobre la libertad sindical<\/a>. En \u00e9l se establece que las organizaciones de trabajadores tienen derecho a elegir libremente a sus representantes, organizar por s\u00ed mismas su administraci\u00f3n y actividades, y establecer aut\u00f3nomamente su programa. Tambi\u00e9n se determina que las autoridades p\u00fablicas deben abstenerse de intervenir de manera que limite estos derechos.<\/p>\n<p>Adem\u00e1s, la central sindical se\u00f1ala el Convenio 98 de la OIT. Su art\u00edculo 2 determina que las organizaciones de trabajadores deben gozar de protecci\u00f3n contra la injerencia de los empleadores o sus representantes en la constituci\u00f3n, funcionamiento y administraci\u00f3n de la organizaci\u00f3n. El convenio tambi\u00e9n menciona el apoyo financiero u otro tipo de apoyo como una posible forma de injerencia cuando dicho apoyo tiene por objeto poner a una organizaci\u00f3n de trabajadores bajo el control del empleador.<\/p>\n<blockquote class=\"pullquote align-center\"><p>El empleador no elige a la directiva del sindicato. Los trabajadores lo hacen por s\u00ed mismos.<\/p><\/blockquote>\n<h2>El CEO no debe ser parte<\/h2>\n<p>La UvAV considera que el CEO y otros miembros de la direcci\u00f3n de EBS tambi\u00e9n deben mantenerse al margen de la elecci\u00f3n interna de la directiva de OWOS. Seg\u00fan la central sindical, una direcci\u00f3n no debe crear, mediante acceso, exenciones u otras facilidades, circunstancias que puedan dar a una lista de candidatos una ventaja sobre otra.<\/p>\n<p>Al mismo tiempo, la UvAV enfatiza que no respalda a ning\u00fan candidato ni lista. La central sindical afirma que \u00fanicamente defiende la libertad sindical, la independencia y unas <strong>elecciones de OWOS<\/strong> justas. Si se utilizan instalaciones de la empresa para actividades de campa\u00f1a, seg\u00fan la organizaci\u00f3n estas deben estar disponibles sobre la base de normas previamente conocidas e iguales.<\/p>\n<h2>Tensiones anteriores entre EBS y OWOS<\/h2>\n<p>La advertencia se produce en el contexto de una relaci\u00f3n tensa desde hace tiempo entre la direcci\u00f3n de EBS y la directiva de OWOS, encabezada por Hellings. Tambi\u00e9n anteriormente surgieron conflictos sobre actividades sindicales, condiciones laborales y la posici\u00f3n del presidente sindical. En abril, <a href=\"https:\/\/keynews.sr\/president-simons-buigt-zich-over-conflict-tussen-owos-en-ebs-directie\/\">Key News inform\u00f3 sobre las tensiones entre OWOS y la direcci\u00f3n de EBS<\/a>, en las que tambi\u00e9n se involucr\u00f3 a la presidenta Jennifer Simons.<\/p>\n<p>Seg\u00fan la UvAV, precisamente estos antecedentes hacen necesaria una mayor prudencia por parte de la direcci\u00f3n de EBS. La central sindical quiere evitar que conflictos anteriores repercutan en la campa\u00f1a y, con ello, afecten la confianza de los trabajadores en el resultado de las <strong>elecciones de OWOS<\/strong>.<\/p>\n<h2>Llamado de cara al d\u00eda electoral<\/h2>\n<p>La UvAV llama a EBS a actuar de inmediato con total neutralidad, no favorecer directa ni indirectamente a ning\u00fan candidato y aplicar las mismas normas para todos. La central sindical tambi\u00e9n solicita claridad sobre el uso de veh\u00edculos de la empresa, espacios de la empresa, exenciones y otras facilidades durante el per\u00edodo electoral.<\/p>\n<p>Seg\u00fan la central sindical, el 10 de septiembre debe ser exclusivamente el voto de los miembros de OWOS el que determine qui\u00e9n conformar\u00e1 la nueva directiva. La organizaci\u00f3n llama a todas las partes a mantener la calma y respetar la democracia interna. Una reacci\u00f3n de EBS y Team Bondru a las acusaciones espec\u00edficas puede aportar mayor claridad sobre el desarrollo real de los hechos en torno a la campa\u00f1a y las <strong>elecciones de OWOS<\/strong>.<\/p>\n","protected":false},"excerpt":{"rendered":"<p>UvAV advierte que EBS no puede favorecer a candidatos en las elecciones de OWOS del 10 de septiembre e insta a que haya condiciones iguales para todos los participantes, a fin de garantizar la libertad sindical.<\/p>\n","protected":false},"author":3,"featured_media":183504,"comment_status":"","ping_status":"","sticky":false,"template":"","format":"standard","meta":{"rop_custom_images_group":[],"rop_custom_messages_group":[],"rop_publish_now":"initial","rop_publish_now_accounts":{"facebook_29234516172805655_1309923202201307":"","facebook_29234516172805655_1158244960706604":"","facebook_29234516172805655_1093738170500407":"","facebook_29234516172805655_108923581283702":""},"rop_publish_now_history":[],"rop_publish_now_status":"pending","jnews-multi-image_gallery":[],"jnews_single_post":{"format":"standard"},"jnews_primary_category":[],"jnews_override_counter":[],"footnotes":""},"categories":[16347],"tags":[20100,20316,18475,19905,20318,20314,20317,20319,20315],"class_list":["post-184382","post","type-post","status-publish","format-standard","has-post-thumbnail","hentry","category-general","tag-ebs","tag-elecciones-de-owos","tag-keynews","tag-keynewssuriname","tag-libertad-sindical","tag-marciano-hellings","tag-team-bondru","tag-trabajadores-de-ebs","tag-uvav"],"pp_statuses_selecting_workflow":false,"pp_workflow_action":"current","pp_status_selection":"publish","pp_force_visibility":null,"pp_subpost_visibility":null,"pp_inherited_force_visibility":null,"pp_inherited_subpost_visibility":null,"_links":{"self":[{"href":"https:\/\/keynews.sr\/es\/wp-json\/wp\/v2\/posts\/184382","targetHints":{"allow":["GET"]}}],"collection":[{"href":"https:\/\/keynews.sr\/es\/wp-json\/wp\/v2\/posts"}],"about":[{"href":"https:\/\/keynews.sr\/es\/wp-json\/wp\/v2\/types\/post"}],"author":[{"embeddable":true,"href":"https:\/\/keynews.sr\/es\/wp-json\/wp\/v2\/users\/3"}],"replies":[{"embeddable":true,"href":"https:\/\/keynews.sr\/es\/wp-json\/wp\/v2\/comments?post=184382"}],"version-history":[{"count":1,"href":"https:\/\/keynews.sr\/es\/wp-json\/wp\/v2\/posts\/184382\/revisions"}],"predecessor-version":[{"id":184486,"href":"https:\/\/keynews.sr\/es\/wp-json\/wp\/v2\/posts\/184382\/revisions\/184486"}],"wp:featuredmedia":[{"embeddable":true,"href":"https:\/\/keynews.sr\/es\/wp-json\/wp\/v2\/media\/183504"}],"wp:attachment":[{"href":"https:\/\/keynews.sr\/es\/wp-json\/wp\/v2\/media?parent=184382"}],"wp:term":[{"taxonomy":"category","embeddable":true,"href":"https:\/\/keynews.sr\/es\/wp-json\/wp\/v2\/categories?post=184382"},{"taxonomy":"post_tag","embeddable":true,"href":"https:\/\/keynews.sr\/es\/wp-json\/wp\/v2\/tags?post=184382"}],"curies":[{"name":"wp","href":"https:\/\/api.w.org\/{rel}","templated":true}]}}