{"id":184425,"date":"2026-07-31T21:55:45","date_gmt":"2026-08-01T00:55:45","guid":{"rendered":"https:\/\/keynews.sr\/lvv-capacita-a-agricultores-de-brokopondo-en-horticultura-sostenible-en-invernaderos\/"},"modified":"2026-09-01T01:20:15","modified_gmt":"2026-09-01T04:20:15","slug":"lvv-capacita-a-agricultores-de-brokopondo-en-horticultura-sostenible-en-invernaderos","status":"publish","type":"post","link":"https:\/\/keynews.sr\/es\/lvv-capacita-a-agricultores-de-brokopondo-en-horticultura-sostenible-en-invernaderos\/","title":{"rendered":"LVV capacita a agricultores de Brokopondo en horticultura sostenible en invernaderos"},"content":{"rendered":"<div class=\"intro-text\">\n<p>El Ministerio de Landbouw, Veeteelt en Visserij (LVV; Agricultura, Ganader\u00eda y Pesca) capacit\u00f3 a 26 agricultores de distintas aldeas de Brokopondo en la construcci\u00f3n y gesti\u00f3n de invernaderos adecuados para condiciones tropicales. La capacitaci\u00f3n fue organizada por la oficina del ressort de LVV en colaboraci\u00f3n con la Organizaci\u00f3n de las Naciones Unidas para la Alimentaci\u00f3n y la Agricultura (FAO).<\/p>\n<\/div>\n<p><span class=\"dropcap \" style=\"background-color: #ffffff; color: #000000; border-color: #ffffff;\">La<\/span> capacitaci\u00f3n, titulada <em>T\u00e9cnicas de Construcci\u00f3n y Gesti\u00f3n de Invernaderos Tropicales<\/em>, se llev\u00f3 a cabo en la sala multifuncional de Brokopondo. Seg\u00fan LVV, el inter\u00e9s fue mayor que el n\u00famero de plazas disponibles. Por ello, el ministerio considera la primera ronda de capacitaci\u00f3n como parte de un proceso m\u00e1s amplio para familiarizar a m\u00e1s agricultores con m\u00e9todos de producci\u00f3n modernos y sostenibles.<\/p>\n<p>Durante la reuni\u00f3n, los participantes recibieron explicaciones sobre los principios b\u00e1sicos del cultivo de plantas. Entre otros aspectos, se prest\u00f3 atenci\u00f3n a la calidad de las semillas, la germinaci\u00f3n, el porcentaje de germinaci\u00f3n y la duraci\u00f3n media de germinaci\u00f3n de distintos cultivos hort\u00edcolas. Estos conocimientos deben ayudar a los agricultores a planificar los cultivos y mejorar la emergencia de las plantas.<\/p>\n<p>Tambi\u00e9n se abord\u00f3 el uso de un invernadero como entorno de cultivo protegido. Un invernadero bien dise\u00f1ado puede proteger los cultivos de lluvias intensas, vientos fuertes y radiaci\u00f3n solar excesiva. Adem\u00e1s, pueden utilizarse mallas contra insectos y otras medidas de protecci\u00f3n para mantener a los insectos da\u00f1inos fuera del invernadero.<\/p>\n<p>Debido a que las altas temperaturas representan un desaf\u00edo para la horticultura de invernadero en zonas tropicales, los agricultores tambi\u00e9n recibieron informaci\u00f3n sobre m\u00e9todos de ventilaci\u00f3n, gesti\u00f3n del agua y requisitos de construcci\u00f3n. Estas medidas deben contribuir a un clima de crecimiento m\u00e1s favorable para los cultivos.<\/p>\n<p>Seg\u00fan LVV, la horticultura tropical de invernadero puede ofrecer nuevas oportunidades para el sector agr\u00edcola en Brokopondo. Los sistemas de cultivo protegido pueden ayudar a los agricultores a aumentar la producci\u00f3n y la calidad de los cultivos, y a limitar las consecuencias de las condiciones meteorol\u00f3gicas cambiantes.<\/p>\n<p>La oficina del ressort afirma que continuar\u00e1 en el pr\u00f3ximo per\u00edodo con capacitaciones, demostraciones pr\u00e1cticas y colaboraciones con organizaciones nacionales e internacionales. En futuras rondas de capacitaci\u00f3n, m\u00e1s agricultores deber\u00e1n tener la oportunidad de aplicar las t\u00e9cnicas adquiridas en sus propias explotaciones.<\/p>\n","protected":false},"excerpt":{"rendered":"<p>LVV capacit\u00f3 a 26 agricultores de Brokopondo en horticultura sostenible en invernaderos, adaptada a las condiciones tropicales para mejorar la producci\u00f3n y la calidad de los cultivos. Seguir\u00e1n m\u00e1s capacitaciones.<\/p>\n","protected":false},"author":3,"featured_media":180394,"comment_status":"closed","ping_status":"closed","sticky":false,"template":"","format":"standard","meta":{"rop_custom_images_group":[],"rop_custom_messages_group":[],"rop_publish_now":"initial","rop_publish_now_accounts":{"facebook_29234516172805655_1309923202201307":"","facebook_29234516172805655_1158244960706604":"","facebook_29234516172805655_1093738170500407":"","facebook_29234516172805655_108923581283702":""},"rop_publish_now_history":[],"rop_publish_now_status":"pending","jnews-multi-image_gallery":[],"jnews_single_post":[],"jnews_primary_category":[],"jnews_override_counter":[],"footnotes":""},"categories":[16347],"tags":[18679,20366,16305,19908,16307,16306],"class_list":["post-184425","post","type-post","status-publish","format-standard","has-post-thumbnail","hentry","category-general","tag-brokopondo","tag-capacitacion","tag-key-news","tag-landbouw","tag-noticias","tag-surinam"],"pp_statuses_selecting_workflow":false,"pp_workflow_action":"current","pp_status_selection":"publish","pp_force_visibility":null,"pp_subpost_visibility":null,"pp_inherited_force_visibility":null,"pp_inherited_subpost_visibility":null,"_links":{"self":[{"href":"https:\/\/keynews.sr\/es\/wp-json\/wp\/v2\/posts\/184425","targetHints":{"allow":["GET"]}}],"collection":[{"href":"https:\/\/keynews.sr\/es\/wp-json\/wp\/v2\/posts"}],"about":[{"href":"https:\/\/keynews.sr\/es\/wp-json\/wp\/v2\/types\/post"}],"author":[{"embeddable":true,"href":"https:\/\/keynews.sr\/es\/wp-json\/wp\/v2\/users\/3"}],"replies":[{"embeddable":true,"href":"https:\/\/keynews.sr\/es\/wp-json\/wp\/v2\/comments?post=184425"}],"version-history":[{"count":1,"href":"https:\/\/keynews.sr\/es\/wp-json\/wp\/v2\/posts\/184425\/revisions"}],"predecessor-version":[{"id":184436,"href":"https:\/\/keynews.sr\/es\/wp-json\/wp\/v2\/posts\/184425\/revisions\/184436"}],"wp:featuredmedia":[{"embeddable":true,"href":"https:\/\/keynews.sr\/es\/wp-json\/wp\/v2\/media\/180394"}],"wp:attachment":[{"href":"https:\/\/keynews.sr\/es\/wp-json\/wp\/v2\/media?parent=184425"}],"wp:term":[{"taxonomy":"category","embeddable":true,"href":"https:\/\/keynews.sr\/es\/wp-json\/wp\/v2\/categories?post=184425"},{"taxonomy":"post_tag","embeddable":true,"href":"https:\/\/keynews.sr\/es\/wp-json\/wp\/v2\/tags?post=184425"}],"curies":[{"name":"wp","href":"https:\/\/api.w.org\/{rel}","templated":true}]}}