{"id":184443,"date":"2026-09-01T07:30:54","date_gmt":"2026-09-01T10:30:54","guid":{"rendered":"https:\/\/keynews.sr\/?p=184443&preview=true&preview_id=184443"},"modified":"2026-08-31T23:24:54","modified_gmt":"2026-09-01T02:24:54","slug":"heritage-month-suriname-2026-concluido-con-llamado-a-valorar-el-patrimonio","status":"publish","type":"post","link":"https:\/\/keynews.sr\/es\/heritage-month-suriname-2026-concluido-con-llamado-a-valorar-el-patrimonio\/","title":{"rendered":"Heritage Month Suriname 2026 concluido con llamado a valorar el patrimonio"},"content":{"rendered":"<div class=\"intro-text\">\n<p>Junto al monumento de Mama Sranan en Paramaribo, el domingo concluy\u00f3 ceremonialmente el primer Heritage Month Suriname nacional. El mes estuvo dedicado al patrimonio, la identidad y la conexi\u00f3n mutua, y reuni\u00f3 a grupos culturales, j\u00f3venes y responsables de pol\u00edticas en torno a una narrativa nacional compartida.<\/p>\n<\/div>\n<p><span class=\"dropcap\" style=\"background-color: #ffffff;color: #000000;border-color: #ffffff\">E<\/span>l primer <strong>Heritage Month Suriname<\/strong> nacional concluy\u00f3 el domingo 30 de agosto con una ceremonia de reflexi\u00f3n junto al monumento de Mama Sranan en Paramaribo. La reuni\u00f3n constituy\u00f3 el cierre de un mes en el que se llam\u00f3 la atenci\u00f3n sobre la historia, la cultura, las tradiciones y los relatos de las distintas comunidades que conjuntamente conforman la sociedad surinamesa.<\/p>\n<p>La ceremonia comenz\u00f3 con una oraci\u00f3n piai ind\u00edgena a Tamushi, Dios, durante la cual se reflexion\u00f3 y se pidi\u00f3 una bendici\u00f3n. Posteriormente se realizaron homenajes florales en el Migrantenmonument y el monumento de Mama Sranan. Distintos grupos culturales contribuyeron al programa con presentaciones y rituales.<\/p>\n<p>Heritage Month fue organizado este a\u00f1o por primera vez a nivel nacional. La presidenta Jennifer Simons anunci\u00f3 anteriormente la iniciativa como parte de un esfuerzo m\u00e1s amplio de construcci\u00f3n nacional. El mes tuvo como lema \u00abHoe wij hier ook samenkwamen, hoe wij samen verder gaan\u00bb y deb\u00eda ofrecer espacio para el reconocimiento de los distintos antecedentes hist\u00f3ricos dentro de Suriname, sin perder de vista el inter\u00e9s nacional com\u00fan.<\/p>\n<h2>Heritage Month Suriname gira en torno al patrimonio vivo<\/h2>\n<p>Rachel Pinas, presidenta del grupo de trabajo presidencial Heritage Month 2026, enfatiz\u00f3 durante el cierre que el patrimonio no solo se encuentra en monumentos, archivos o la historiograf\u00eda oficial. Seg\u00fan ella, el patrimonio tambi\u00e9n vive precisamente en peque\u00f1as tradiciones, dichos, relatos y sabidur\u00edas que se transmiten de generaci\u00f3n en generaci\u00f3n dentro de las familias y comunidades.<\/p>\n<p>\u00abSigan contando relatos de anta\u00f1o. Puede parecer algo simple de decir, pero de eso se trata. Todos tienen un relato, han aprendido un bonito relato de un antepasado, de un abuelo. Todos han aprendido sabidur\u00edas. Tradiciones, peque\u00f1as cosas que reciben en la crianza. Eso es nuestro patrimonio. Ates\u00f3renlo, cons\u00e9rvenlo, no lo desechen\u00bb, dijo Pinas.<\/p>\n<h2>Transmitir relatos y cultura a los j\u00f3venes<\/h2>\n<p>Ese llamado se ajusta a las distintas actividades organizadas durante el mes del patrimonio. As\u00ed, las Nationale Heritage Verteldagen (Jornadas Nacionales de Narraci\u00f3n sobre el Patrimonio) estuvieron dedicadas a la tradici\u00f3n oral y al intercambio de relatos con j\u00f3venes. Tambi\u00e9n hubo eventos culturales, encuentros cient\u00edficos y actividades en las que distintos grupos poblacionales pudieron presentar su historia y tradiciones.<\/p>\n<p>Una de las actividades m\u00e1s importantes fue el <a href=\"https:\/\/keynews.sr\/heritage-village-geopend-op-onafhankelijkheidsplein\/\">Heritage Village en el Onafhankelijkheidsplein<\/a>. All\u00ed, la cultura, la m\u00fasica, la danza, la comida y el encuentro entre distintas comunidades ocuparon un lugar central. El evento constituy\u00f3 una parte importante de la fase final del primer mes del patrimonio.<\/p>\n<blockquote class=\"pullquote align-center\"><p>El patrimonio vive en relatos, tradiciones y sabidur\u00edas que se transmiten de generaci\u00f3n en generaci\u00f3n.<\/p><\/blockquote>\n<h2>Adhin observa un fortalecimiento de la identidad surinamesa<\/h2>\n<p>El presidente del Parlamento, Michael Ashwin Adhin, expres\u00f3 durante la ceremonia su reconocimiento por la iniciativa. Seg\u00fan \u00e9l, Heritage Month ha contribuido al reconocimiento y la valoraci\u00f3n mutuos entre los distintos grupos poblacionales. Record\u00f3 positivamente la primera edici\u00f3n y calific\u00f3 la iniciativa de la presidenta Simons como un gran \u00e9xito.<\/p>\n<p>Adhin afirm\u00f3 que la identidad surinamesa surge precisamente de la interacci\u00f3n entre las culturas individuales. Seg\u00fan \u00e9l, la comunidad conjunta se fortalece cuando los distintos antecedentes culturales no se colocan unos frente a otros, sino que se complementan. Esta idea tambi\u00e9n constituye una parte importante del objetivo m\u00e1s amplio de <strong>Heritage Month Suriname<\/strong>: fortalecer la conexi\u00f3n sin borrar las diferencias culturales.<\/p>\n<h2>La cultura debe tener una presencia m\u00e1s s\u00f3lida en la educaci\u00f3n<\/h2>\n<p>Seg\u00fan las autoridades involucradas, la atenci\u00f3n al patrimonio no debe limitarse a un mes al a\u00f1o. El ministro de Educaci\u00f3n, Dirk Currie, ha encargado al directoraat Cultuur (Direcci\u00f3n de Cultura) que examine c\u00f3mo la cultura puede incorporarse con mayor solidez al curr\u00edculo educativo. Con ello, el patrimonio tambi\u00e9n debe obtener estructuralmente un lugar en la formaci\u00f3n de ni\u00f1os y j\u00f3venes.<\/p>\n<p>Ese paso puede ser importante para preservar conocimientos que no siempre se registran por escrito. Cuando los relatos, idiomas, costumbres y tradiciones se cuentan o practican con menor frecuencia dentro de las familias, existe el riesgo de que partes del patrimonio inmaterial desaparezcan lentamente. Por ello, la educaci\u00f3n puede desempe\u00f1ar un papel importante en la comprensi\u00f3n, documentaci\u00f3n y transmisi\u00f3n de esos conocimientos.<\/p>\n<h2>El mes del patrimonio debe ser m\u00e1s que una celebraci\u00f3n anual<\/h2>\n<p>En la <a href=\"https:\/\/gov.sr\/ministeries\/kabinet-van-de-president\/heritage-month-suriname\/\" target=\"_blank\" rel=\"noopener\">p\u00e1gina oficial de Heritage Month del Gobierno de Suriname<\/a>, la iniciativa se describe como una forma de fortalecer la conciencia hist\u00f3rica, la valoraci\u00f3n cultural y la conexi\u00f3n nacional. No se trata solo de patrimonio cultural, sino tambi\u00e9n de patrimonio hist\u00f3rico y natural, as\u00ed como de su significado para la identidad nacional.<\/p>\n<p>La primera edici\u00f3n ha sentado as\u00ed una base para un momento anual de reflexi\u00f3n, educaci\u00f3n y celebraci\u00f3n. Al mismo tiempo, el valor real de <strong>Heritage Month Suriname<\/strong> depender\u00e1 principalmente de lo que ocurra despu\u00e9s de agosto. Las conversaciones sobre historia, identidad y preservaci\u00f3n del patrimonio deber\u00e1n hacerse visibles finalmente tambi\u00e9n en la educaci\u00f3n, la investigaci\u00f3n, las pol\u00edticas y las iniciativas sociales.<\/p>\n<h2>Seguir juntos tras el primer Heritage Month Suriname<\/h2>\n<p>El cierre junto a Mama Sranan subray\u00f3 que el punto de partida central va m\u00e1s all\u00e1 de un mes lleno de actividades. Tambi\u00e9n se trata de la cuesti\u00f3n de c\u00f3mo los surinameses siguen reconociendo sus distintas historias, c\u00f3mo se transmite el conocimiento y c\u00f3mo, desde esa diversidad, se contin\u00faa construyendo un futuro compartido. Con ello, el lema \u00abHoe wij hier ook samenkwamen, hoe wij samen verder gaan\u00bb sigue siendo actual tambi\u00e9n despu\u00e9s de agosto.<\/p>\n","protected":false},"excerpt":{"rendered":"<p>El primer Heritage Month Suriname nacional concluy\u00f3 con una ceremonia en Mama Sranan, centrada en el patrimonio, la identidad y la conexi\u00f3n. El patrimonio vive en tradiciones e historias que de generaci\u00f3n en<\/p>\n","protected":false},"author":4,"featured_media":184444,"comment_status":"","ping_status":"","sticky":false,"template":"","format":"standard","meta":{"rop_custom_images_group":[],"rop_custom_messages_group":[],"rop_publish_now":"initial","rop_publish_now_accounts":{"facebook_29234516172805655_1309923202201307":"","facebook_29234516172805655_1158244960706604":"","facebook_29234516172805655_1093738170500407":"","facebook_29234516172805655_108923581283702":""},"rop_publish_now_history":[],"rop_publish_now_status":"pending","jnews-multi-image_gallery":[],"jnews_single_post":[],"jnews_primary_category":[],"jnews_override_counter":[],"footnotes":""},"categories":[16347],"tags":[18439,16399,20380,20382,18475,19905,20385,20383,20381,20384],"class_list":["post-184443","post","type-post","status-publish","format-standard","has-post-thumbnail","hentry","category-general","tag-cultura","tag-dirk-currie","tag-formacion-nacional","tag-heritage-month-suriname","tag-keynews","tag-keynewssuriname","tag-mama-sranan","tag-michael-adhin","tag-patrimonio-surinames","tag-rachel-pinas"],"pp_statuses_selecting_workflow":false,"pp_workflow_action":"current","pp_status_selection":"publish","pp_force_visibility":null,"pp_subpost_visibility":null,"pp_inherited_force_visibility":null,"pp_inherited_subpost_visibility":null,"_links":{"self":[{"href":"https:\/\/keynews.sr\/es\/wp-json\/wp\/v2\/posts\/184443","targetHints":{"allow":["GET"]}}],"collection":[{"href":"https:\/\/keynews.sr\/es\/wp-json\/wp\/v2\/posts"}],"about":[{"href":"https:\/\/keynews.sr\/es\/wp-json\/wp\/v2\/types\/post"}],"author":[{"embeddable":true,"href":"https:\/\/keynews.sr\/es\/wp-json\/wp\/v2\/users\/4"}],"replies":[{"embeddable":true,"href":"https:\/\/keynews.sr\/es\/wp-json\/wp\/v2\/comments?post=184443"}],"version-history":[{"count":1,"href":"https:\/\/keynews.sr\/es\/wp-json\/wp\/v2\/posts\/184443\/revisions"}],"predecessor-version":[{"id":184492,"href":"https:\/\/keynews.sr\/es\/wp-json\/wp\/v2\/posts\/184443\/revisions\/184492"}],"wp:featuredmedia":[{"embeddable":true,"href":"https:\/\/keynews.sr\/es\/wp-json\/wp\/v2\/media\/184444"}],"wp:attachment":[{"href":"https:\/\/keynews.sr\/es\/wp-json\/wp\/v2\/media?parent=184443"}],"wp:term":[{"taxonomy":"category","embeddable":true,"href":"https:\/\/keynews.sr\/es\/wp-json\/wp\/v2\/categories?post=184443"},{"taxonomy":"post_tag","embeddable":true,"href":"https:\/\/keynews.sr\/es\/wp-json\/wp\/v2\/tags?post=184443"}],"curies":[{"name":"wp","href":"https:\/\/api.w.org\/{rel}","templated":true}]}}