{"id":184453,"date":"2026-09-01T09:04:52","date_gmt":"2026-09-01T12:04:52","guid":{"rendered":"https:\/\/keynews.sr\/?p=184453&#038;preview=true&#038;preview_id=184453"},"modified":"2026-09-01T07:56:43","modified_gmt":"2026-09-01T10:56:43","slug":"los-conductores-no-siempre-se-detienen-ante-personas-ciegas-y-con-discapacidad-visual","status":"publish","type":"post","link":"https:\/\/keynews.sr\/es\/los-conductores-no-siempre-se-detienen-ante-personas-ciegas-y-con-discapacidad-visual\/","title":{"rendered":"Los conductores no siempre se detienen ante personas ciegas y con discapacidad visual"},"content":{"rendered":"<div class=\"intro-text\">\n<p>Una actividad pr\u00e1ctica en la v\u00eda p\u00fablica ha demostrado que varios conductores no saben suficientemente c\u00f3mo deben actuar cuando una persona ciega o con discapacidad visual desea cruzar. A pesar de un bast\u00f3n blanco claramente visible, varios veh\u00edculos continuaron circulando.<\/p>\n<\/div>\n<p><span class=\"dropcap \" style=\"background-color: #ffffff; color: #000000; border-color: #ffffff;\">L<\/span>a actividad de concienciaci\u00f3n fue una iniciativa del Blindencentrum (Centro para Personas Ciegas) y cont\u00f3 con el apoyo del Verkeersveiligheidsinstituut (<a href=\"https:\/\/www.facebook.com\/Verkeersveiligheidsinstituut\" target=\"_blank\" rel=\"noopener\">VVI<\/a>) y del Korps Suriname Vrijwilligers (KSV). El Korps Politie Suriname supervis\u00f3 el orden y la seguridad p\u00fablicos.<\/p>\n<p>Durante la actividad, transcurri\u00f3 un tiempo llamativamente largo antes de que un conductor se detuviera y la persona con discapacidad visual tuviera suficiente espacio para cruzar la calle de forma segura. Varios usuarios de la v\u00eda ignoraron la se\u00f1al del bast\u00f3n blanco.<\/p>\n<p>Seg\u00fan el VVI, esto indica que el significado del bast\u00f3n blanco a\u00fan no es suficientemente conocido. Como consecuencia, las personas ciegas y con discapacidad visual corren un riesgo adicional cuando participan en el tr\u00e1nsito.<\/p>\n<p>El instituto aboga por una mayor concienciaci\u00f3n y considera que debe prestarse especial atenci\u00f3n al bast\u00f3n blanco dentro de la formaci\u00f3n de conducci\u00f3n y la educaci\u00f3n vial. Los conductores deben saber c\u00f3mo actuar de manera segura y responsable en situaciones de este tipo.<\/p>\n<p>Tambi\u00e9n la <a href=\"https:\/\/keynews.sr\/13e-verkeersveiligheidsmaand-gelanceerd-met-billboardproject\/\" target=\"_blank\" rel=\"noopener\">infraestructura vial<\/a> debe, seg\u00fan el VVI, adaptarse mejor a las personas con discapacidad visual. Entre otras cosas, las aceras, los cruces peatonales, los sem\u00e1foros y otras instalaciones deben organizarse de tal manera que puedan desplazarse de forma segura y con la mayor autonom\u00eda posible.<\/p>\n<p>Se exhorta a los usuarios de la v\u00eda a mantenerse especialmente alerta, reducir su velocidad a tiempo y dar a las personas ciegas y con discapacidad visual suficiente tiempo y espacio para cruzar de forma segura.<\/p>\n","protected":false},"excerpt":{"rendered":"<p>Muchos conductores no se detienen ante personas ciegas y con discapacidad visual, pese al bast\u00f3n blanco visible, lo que indica un conocimiento insuficiente y un mayor riesgo en el tr\u00e1nsito.<\/p>\n","protected":false},"author":4,"featured_media":184396,"comment_status":"closed","ping_status":"closed","sticky":false,"template":"","format":"standard","meta":{"rop_custom_images_group":[],"rop_custom_messages_group":[],"rop_publish_now":"initial","rop_publish_now_accounts":{"facebook_29234516172805655_1309923202201307":"","facebook_29234516172805655_1158244960706604":"","facebook_29234516172805655_1093738170500407":"","facebook_29234516172805655_108923581283702":""},"rop_publish_now_history":[],"rop_publish_now_status":"pending","jnews-multi-image_gallery":[],"jnews_single_post":[],"jnews_primary_category":[],"jnews_override_counter":[],"footnotes":""},"categories":[16347],"tags":[20402,20403,20435,20401,20400,20404,20405],"class_list":["post-184453","post","type-post","status-publish","format-standard","has-post-thumbnail","hentry","category-general","tag-actividad-practica","tag-blindencentrum","tag-discapacidad-visual","tag-instituto-de-seguridad-vial","tag-korps-politie-suriname","tag-korps-suriname-vrijwilligers","tag-persona-ciega-o-con-discapacidad-visual"],"pp_statuses_selecting_workflow":false,"pp_workflow_action":"current","pp_status_selection":"publish","pp_force_visibility":null,"pp_subpost_visibility":null,"pp_inherited_force_visibility":null,"pp_inherited_subpost_visibility":null,"_links":{"self":[{"href":"https:\/\/keynews.sr\/es\/wp-json\/wp\/v2\/posts\/184453","targetHints":{"allow":["GET"]}}],"collection":[{"href":"https:\/\/keynews.sr\/es\/wp-json\/wp\/v2\/posts"}],"about":[{"href":"https:\/\/keynews.sr\/es\/wp-json\/wp\/v2\/types\/post"}],"author":[{"embeddable":true,"href":"https:\/\/keynews.sr\/es\/wp-json\/wp\/v2\/users\/4"}],"replies":[{"embeddable":true,"href":"https:\/\/keynews.sr\/es\/wp-json\/wp\/v2\/comments?post=184453"}],"version-history":[{"count":1,"href":"https:\/\/keynews.sr\/es\/wp-json\/wp\/v2\/posts\/184453\/revisions"}],"predecessor-version":[{"id":184498,"href":"https:\/\/keynews.sr\/es\/wp-json\/wp\/v2\/posts\/184453\/revisions\/184498"}],"wp:featuredmedia":[{"embeddable":true,"href":"https:\/\/keynews.sr\/es\/wp-json\/wp\/v2\/media\/184396"}],"wp:attachment":[{"href":"https:\/\/keynews.sr\/es\/wp-json\/wp\/v2\/media?parent=184453"}],"wp:term":[{"taxonomy":"category","embeddable":true,"href":"https:\/\/keynews.sr\/es\/wp-json\/wp\/v2\/categories?post=184453"},{"taxonomy":"post_tag","embeddable":true,"href":"https:\/\/keynews.sr\/es\/wp-json\/wp\/v2\/tags?post=184453"}],"curies":[{"name":"wp","href":"https:\/\/api.w.org\/{rel}","templated":true}]}}