{"id":184547,"date":"2026-09-01T14:25:23","date_gmt":"2026-09-01T17:25:23","guid":{"rendered":"https:\/\/keynews.sr\/?p=184547"},"modified":"2026-09-01T14:25:23","modified_gmt":"2026-09-01T17:25:23","slug":"hombre-de-28-anos-fallece-en-grave-accidente-en-la-afobakaweg","status":"publish","type":"post","link":"https:\/\/keynews.sr\/es\/hombre-de-28-anos-fallece-en-grave-accidente-en-la-afobakaweg\/","title":{"rendered":"Hombre de 28 a\u00f1os fallece en grave accidente en la Afobakaweg"},"content":{"rendered":"<p><span class=\"dropcap \" style=\"background-color: #ffffff; color: #000000; border-color: #ffffff;\">El<\/span> joven de 28 a\u00f1os Rohid Sardjoe falleci\u00f3 el martes por la ma\u00f1ana en una grave colisi\u00f3n en la Afobakaweg. Un segundo ocupante, Randolf S., result\u00f3 herido y fue trasladado al hospital.<\/p>\n<p>La polic\u00eda de Paranam recibi\u00f3 alrededor de las 03.00 horas un reporte sobre el accidente de tr\u00e1nsito y se dirigi\u00f3 al lugar para investigar.<\/p>\n<p>De la investigaci\u00f3n policial preliminar se desprende que un Toyota Mark X blanco circulaba desde la direcci\u00f3n de Phedra hacia Paranam. A la altura del poste 29 de EBS, el veh\u00edculo se sali\u00f3 de la v\u00eda y choc\u00f3 contra un poste el\u00e9ctrico de madera. Posteriormente, el autom\u00f3vil sigui\u00f3 desliz\u00e1ndose y se detuvo contra una parada de autob\u00fas.<\/p>\n<p>Sardjoe fue encontrado en el suelo fuera del veh\u00edculo, cerca de la parte trasera. Un m\u00e9dico determin\u00f3 que hab\u00eda fallecido en el lugar.<\/p>\n<p>Randolf S. fue encontrado en el asiento trasero del autom\u00f3vil. Fue trasladado en ambulancia al servicio de urgencias del Academisch Ziekenhuis Paramaribo y qued\u00f3 ingresado para recibir atenci\u00f3n m\u00e9dica. No se ha dado a conocer la gravedad de sus lesiones.<\/p>\n<p>La polic\u00eda incaut\u00f3 el veh\u00edculo para continuar con la investigaci\u00f3n. El cuerpo de Sardjoe tambi\u00e9n fue incautado para la autopsia.<\/p>\n<p>A\u00fan no se ha determinado qui\u00e9n conduc\u00eda el autom\u00f3vil en el momento del accidente. La unidad Verkeer Midden investiga las circunstancias exactas de la colisi\u00f3n.<\/p>\n","protected":false},"excerpt":{"rendered":"<p>Un hombre de 28 a\u00f1os muri\u00f3 en un grave accidente en la Afobakaweg, en el que un autom\u00f3vil choc\u00f3 contra un poste de electricidad y una parada de autob\u00fas. Un pasajero result\u00f3 herido.<\/p>\n","protected":false},"author":3,"featured_media":177577,"comment_status":"closed","ping_status":"closed","sticky":false,"template":"","format":"standard","meta":{"rop_custom_images_group":[],"rop_custom_messages_group":[],"rop_publish_now":"initial","rop_publish_now_accounts":{"facebook_29234516172805655_1309923202201307":"","facebook_29234516172805655_1158244960706604":"","facebook_29234516172805655_1093738170500407":"","facebook_29234516172805655_108923581283702":""},"rop_publish_now_history":[],"rop_publish_now_status":"pending","jnews-multi-image_gallery":[],"jnews_single_post":[],"jnews_primary_category":[],"jnews_override_counter":[],"footnotes":""},"categories":[16304],"tags":[20502,20503,16305,16307,16308,16306],"class_list":["post-184547","post","type-post","status-publish","format-standard","has-post-thumbnail","hentry","category-crimen-y-sucesos","tag-accidente-de-transito","tag-colision","tag-key-news","tag-noticias","tag-policia","tag-surinam"],"pp_statuses_selecting_workflow":false,"pp_workflow_action":"current","pp_status_selection":"publish","pp_force_visibility":null,"pp_subpost_visibility":null,"pp_inherited_force_visibility":null,"pp_inherited_subpost_visibility":null,"_links":{"self":[{"href":"https:\/\/keynews.sr\/es\/wp-json\/wp\/v2\/posts\/184547","targetHints":{"allow":["GET"]}}],"collection":[{"href":"https:\/\/keynews.sr\/es\/wp-json\/wp\/v2\/posts"}],"about":[{"href":"https:\/\/keynews.sr\/es\/wp-json\/wp\/v2\/types\/post"}],"author":[{"embeddable":true,"href":"https:\/\/keynews.sr\/es\/wp-json\/wp\/v2\/users\/3"}],"replies":[{"embeddable":true,"href":"https:\/\/keynews.sr\/es\/wp-json\/wp\/v2\/comments?post=184547"}],"version-history":[{"count":1,"href":"https:\/\/keynews.sr\/es\/wp-json\/wp\/v2\/posts\/184547\/revisions"}],"predecessor-version":[{"id":184607,"href":"https:\/\/keynews.sr\/es\/wp-json\/wp\/v2\/posts\/184547\/revisions\/184607"}],"wp:featuredmedia":[{"embeddable":true,"href":"https:\/\/keynews.sr\/es\/wp-json\/wp\/v2\/media\/177577"}],"wp:attachment":[{"href":"https:\/\/keynews.sr\/es\/wp-json\/wp\/v2\/media?parent=184547"}],"wp:term":[{"taxonomy":"category","embeddable":true,"href":"https:\/\/keynews.sr\/es\/wp-json\/wp\/v2\/categories?post=184547"},{"taxonomy":"post_tag","embeddable":true,"href":"https:\/\/keynews.sr\/es\/wp-json\/wp\/v2\/tags?post=184547"}],"curies":[{"name":"wp","href":"https:\/\/api.w.org\/{rel}","templated":true}]}}