{"id":184623,"date":"2026-09-01T18:28:29","date_gmt":"2026-09-01T21:28:29","guid":{"rendered":"https:\/\/keynews.sr\/?p=184623"},"modified":"2026-09-01T18:28:29","modified_gmt":"2026-09-01T21:28:29","slug":"operador-de-excavadora-muere-por-la-caida-de-un-arbol-en-irenevallen","status":"publish","type":"post","link":"https:\/\/keynews.sr\/es\/operador-de-excavadora-muere-por-la-caida-de-un-arbol-en-irenevallen\/","title":{"rendered":"Operador de excavadora muere por la ca\u00edda de un \u00e1rbol en Irenevallen"},"content":{"rendered":"<p><span class=\"dropcap \" style=\"background-color: #ffffff; color: #000000; border-color: #ffffff;\">U<\/span>n operador de excavadora de 48 a\u00f1os, D.D., muri\u00f3 el lunes 31 de agosto durante trabajos en Irenevallen. Fue alcanzado mortalmente despu\u00e9s de que un \u00e1rbol cayera sobre la excavadora.<\/p>\n<p>La polic\u00eda de Bronsweg acudi\u00f3 al lugar para investigar tras recibir un reporte del grave accidente laboral.<\/p>\n<p>De la investigaci\u00f3n policial preliminar se desprende que D.D. realizaba trabajos con una excavadora alrededor de las 09.28 horas. Durante los trabajos, un \u00e1rbol cay\u00f3 sobre el veh\u00edculo, causando heridas mortales al operador.<\/p>\n<p>Un m\u00e9dico certific\u00f3 oficialmente la muerte en el lugar. Tras consultar con el Openbaar Ministerie (Fiscal\u00eda), el cuerpo fue entregado a los familiares.<\/p>\n","protected":false},"excerpt":{"rendered":"<p>Un operador de excavadora muri\u00f3 despu\u00e9s de que un \u00e1rbol al caer golpeara su veh\u00edculo durante trabajos en Irenevallen. La polic\u00eda investiga el grave accidente laboral.<\/p>\n","protected":false},"author":3,"featured_media":25618,"comment_status":"closed","ping_status":"closed","sticky":false,"template":"","format":"standard","meta":{"rop_custom_images_group":[],"rop_custom_messages_group":[],"rop_publish_now":"initial","rop_publish_now_accounts":{"facebook_29234516172805655_1309923202201307":"","facebook_29234516172805655_1158244960706604":"","facebook_29234516172805655_1093738170500407":"","facebook_29234516172805655_108923581283702":""},"rop_publish_now_history":[],"rop_publish_now_status":"pending","jnews-multi-image_gallery":[],"jnews_single_post":[],"jnews_primary_category":[],"jnews_override_counter":[],"footnotes":""},"categories":[16304],"tags":[20236,20535,16305,16307,16308,16306],"class_list":["post-184623","post","type-post","status-publish","format-standard","has-post-thumbnail","hentry","category-crimen-y-sucesos","tag-accidente","tag-excavadora","tag-key-news","tag-noticias","tag-policia","tag-surinam"],"pp_statuses_selecting_workflow":false,"pp_workflow_action":"current","pp_status_selection":"publish","pp_force_visibility":null,"pp_subpost_visibility":null,"pp_inherited_force_visibility":null,"pp_inherited_subpost_visibility":null,"_links":{"self":[{"href":"https:\/\/keynews.sr\/es\/wp-json\/wp\/v2\/posts\/184623","targetHints":{"allow":["GET"]}}],"collection":[{"href":"https:\/\/keynews.sr\/es\/wp-json\/wp\/v2\/posts"}],"about":[{"href":"https:\/\/keynews.sr\/es\/wp-json\/wp\/v2\/types\/post"}],"author":[{"embeddable":true,"href":"https:\/\/keynews.sr\/es\/wp-json\/wp\/v2\/users\/3"}],"replies":[{"embeddable":true,"href":"https:\/\/keynews.sr\/es\/wp-json\/wp\/v2\/comments?post=184623"}],"version-history":[{"count":1,"href":"https:\/\/keynews.sr\/es\/wp-json\/wp\/v2\/posts\/184623\/revisions"}],"predecessor-version":[{"id":184638,"href":"https:\/\/keynews.sr\/es\/wp-json\/wp\/v2\/posts\/184623\/revisions\/184638"}],"wp:featuredmedia":[{"embeddable":true,"href":"https:\/\/keynews.sr\/es\/wp-json\/wp\/v2\/media\/25618"}],"wp:attachment":[{"href":"https:\/\/keynews.sr\/es\/wp-json\/wp\/v2\/media?parent=184623"}],"wp:term":[{"taxonomy":"category","embeddable":true,"href":"https:\/\/keynews.sr\/es\/wp-json\/wp\/v2\/categories?post=184623"},{"taxonomy":"post_tag","embeddable":true,"href":"https:\/\/keynews.sr\/es\/wp-json\/wp\/v2\/tags?post=184623"}],"curies":[{"name":"wp","href":"https:\/\/api.w.org\/{rel}","templated":true}]}}