{"id":184650,"date":"2026-09-02T06:55:44","date_gmt":"2026-09-02T09:55:44","guid":{"rendered":"https:\/\/keynews.sr\/?p=184650&preview=true&preview_id=184650"},"modified":"2026-09-02T15:55:44","modified_gmt":"2026-09-02T18:55:44","slug":"moengo-festival-celebra-un-evento-emergente-en-paramaribo","status":"publish","type":"post","link":"https:\/\/keynews.sr\/es\/moengo-festival-celebra-un-evento-emergente-en-paramaribo\/","title":{"rendered":"Moengo Festival celebra un evento emergente en Paramaribo"},"content":{"rendered":"<div class=\"intro-text\">\n<p>Stichting Kibii (fundaci\u00f3n) organiza el s\u00e1bado 5 de septiembre un evento emergente en Zus en Zo, en Paramaribo. La actividad marca el inicio del <a href=\"https:\/\/www.facebook.com\/moengofestival\" target=\"_blank\" rel=\"noopener\">Moengo Festival<\/a> of Music \u2013 Poku Fu Kenki III, que se celebrar\u00e1 del 25 al 27 de septiembre en Moengo.<\/p>\n<\/div>\n<p><span class=\"dropcap \" style=\"background-color: #ffffff;color: #000000;border-color: #ffffff\">D<\/span>urante el evento emergente, la m\u00fasica y la cultura marron ocupar\u00e1n un lugar central. Entre las 17.00 y las 22.00 horas habr\u00e1 actuaciones, entre otros, del grupo Seketi, Djamanti Noto, Sambura Asjiembe, Odile y Sabanatoewa. La actividad tendr\u00e1 lugar en Grote Combeweg 13a.<\/p>\n<p>Stichting Kibii ha organizado varias actividades promocionales en la antesala del festival. El 15 de agosto se realiz\u00f3 un evento en Moengo. Una semana despu\u00e9s se llevaron a cabo eventos emergentes en Albina y en Saint-Laurent-du-Maroni, en la Guayana Francesa.<\/p>\n<p>J\u00f3venes de Moengo se preparan para el festival con talleres semanales de danza. Tambi\u00e9n aldeas alrededor de Moengo y diversos grupos culturales de Paramaribo se preparan para la Poolo Boto Show. Esta parte del programa se celebrar\u00e1 el s\u00e1bado 26 de septiembre y, seg\u00fan la organizaci\u00f3n, atrajo a m\u00e1s de 8.000 visitantes durante la edici\u00f3n anterior.<\/p>\n<p>Adem\u00e1s de la Poolo Boto Show, el programa diurno incluye actuaciones de DJ, m\u00fasica en vivo y un mercado cultural. Organizaciones y comunidades de aldeas ofrecer\u00e1n all\u00ed, entre otras cosas, ropa tradicional, platos y bebidas.<\/p>\n<h2>Programa especial para j\u00f3venes<\/h2>\n<p>Una novedad de esta edici\u00f3n es un programa para j\u00f3venes en el Beatrix Theater de Moengo. Stichting Kibii colabora para ello con Stichting Kracht voor de Toekomst (fundaci\u00f3n) y el teatro.<\/p>\n<p>El programa consiste en actividades relacionadas con el arte, la cultura y la tecnolog\u00eda de la informaci\u00f3n. Tambi\u00e9n se impartir\u00e1n talleres sobre normas y valores, desarrollo personal, seguridad y servicios juveniles.<\/p>\n<p>Seg\u00fan el director <a href=\"https:\/\/keynews.sr\/jael-en-jair-aarland-grijpen-hoofdprijs-met-no-wan-tan-tijdens-suripop-christmas-show\/\" target=\"_blank\" rel=\"noopener\">Marcel Pinas<\/a> de Stichting Kibii, el programa fue creado porque durante ediciones anteriores muchos menores estuvieron presentes en el festival sin acompa\u00f1amiento. Seg\u00fan \u00e9l, algunos ni\u00f1os permanec\u00edan en el recinto hasta altas horas de la noche.<\/p>\n<p>Con el programa para j\u00f3venes, la organizaci\u00f3n quiere ofrecer a los visitantes menores de edad una alternativa responsable. Adem\u00e1s, el domingo 27 de septiembre se celebrar\u00e1, a petici\u00f3n de la comunidad, un servicio religioso al aire libre en el que participar\u00e1n varias congregaciones eclesi\u00e1sticas de Moengo.<\/p>\n<p>Seg\u00fan la organizaci\u00f3n, socios internacionales, entre ellos la embajada estadounidense, el municipio de Saint-Laurent-du-Maroni y Stichting Woko Makandie (fundaci\u00f3n), contribuyen a los talleres para j\u00f3venes.<\/p>\n<p>Con motivo del festival, tambi\u00e9n se ofrecen pangi\u2019s especiales en Temb\u00e9 Art Studio en Moengo y Lucky Store en Paramaribo. La tela cuesta SRD 70 por metro.<\/p>\n<p>Stichting Kibii fue fundada en 2009 por el artista visual Marcel Pinas. La organizaci\u00f3n se enfoca desde Moengo en el desarrollo social, cultural y econ\u00f3mico en Marowijne. Ediciones anteriores del Moengo Festival se celebraron entre 2013 y 2018.<\/p>\n","protected":false},"excerpt":{"rendered":"<p>Stichting Kibii organiza el 5 de septiembre un evento emergente en Paramaribo como antesala del Moengo Festival, con m\u00fasica marron, actuaciones culturales y un programa especial para j\u00f3venes.<\/p>\n","protected":false},"author":3,"featured_media":184651,"comment_status":"","ping_status":"","sticky":false,"template":"","format":"standard","meta":{"rop_custom_images_group":[],"rop_custom_messages_group":[],"rop_publish_now":"initial","rop_publish_now_accounts":{"facebook_29234516172805655_1309923202201307":"","facebook_29234516172805655_1158244960706604":"","facebook_29234516172805655_1093738170500407":"","facebook_29234516172805655_108923581283702":""},"rop_publish_now_history":[],"rop_publish_now_status":"pending","jnews-multi-image_gallery":[],"jnews_single_post":[],"jnews_primary_category":[],"jnews_override_counter":[],"footnotes":""},"categories":[18438,18698],"tags":[18439,20554,20552,20553,20555],"class_list":["post-184650","post","type-post","status-publish","format-standard","has-post-thumbnail","hentry","category-cultura","category-arte","tag-cultura","tag-evento-emergente","tag-moengo-festival","tag-stichting-kibii","tag-tembe-art-studio"],"pp_statuses_selecting_workflow":false,"pp_workflow_action":"current","pp_status_selection":"publish","pp_force_visibility":null,"pp_subpost_visibility":null,"pp_inherited_force_visibility":null,"pp_inherited_subpost_visibility":null,"_links":{"self":[{"href":"https:\/\/keynews.sr\/es\/wp-json\/wp\/v2\/posts\/184650","targetHints":{"allow":["GET"]}}],"collection":[{"href":"https:\/\/keynews.sr\/es\/wp-json\/wp\/v2\/posts"}],"about":[{"href":"https:\/\/keynews.sr\/es\/wp-json\/wp\/v2\/types\/post"}],"author":[{"embeddable":true,"href":"https:\/\/keynews.sr\/es\/wp-json\/wp\/v2\/users\/3"}],"replies":[{"embeddable":true,"href":"https:\/\/keynews.sr\/es\/wp-json\/wp\/v2\/comments?post=184650"}],"version-history":[{"count":1,"href":"https:\/\/keynews.sr\/es\/wp-json\/wp\/v2\/posts\/184650\/revisions"}],"predecessor-version":[{"id":184690,"href":"https:\/\/keynews.sr\/es\/wp-json\/wp\/v2\/posts\/184650\/revisions\/184690"}],"wp:featuredmedia":[{"embeddable":true,"href":"https:\/\/keynews.sr\/es\/wp-json\/wp\/v2\/media\/184651"}],"wp:attachment":[{"href":"https:\/\/keynews.sr\/es\/wp-json\/wp\/v2\/media?parent=184650"}],"wp:term":[{"taxonomy":"category","embeddable":true,"href":"https:\/\/keynews.sr\/es\/wp-json\/wp\/v2\/categories?post=184650"},{"taxonomy":"post_tag","embeddable":true,"href":"https:\/\/keynews.sr\/es\/wp-json\/wp\/v2\/tags?post=184650"}],"curies":[{"name":"wp","href":"https:\/\/api.w.org\/{rel}","templated":true}]}}