{"id":184760,"date":"2026-09-02T13:25:08","date_gmt":"2026-09-02T16:25:08","guid":{"rendered":"https:\/\/keynews.sr\/ministro-currie-no-tenemos-una-varita-magica\/"},"modified":"2026-09-02T13:25:08","modified_gmt":"2026-09-02T16:25:08","slug":"ministro-currie-no-tenemos-una-varita-magica","status":"publish","type":"post","link":"https:\/\/keynews.sr\/es\/ministro-currie-no-tenemos-una-varita-magica\/","title":{"rendered":"Ministro Currie: \u201cNo tenemos una varita m\u00e1gica\u201d"},"content":{"rendered":"<div class=\"intro-text\">\n<p>\u201cNo tenemos una varita m\u00e1gica\u201d, dijo el lunes en el parlamento el ministro Dirk Currie de Educaci\u00f3n, Ciencia y Cultura, sobre las expectativas que se tienen de cara al nuevo a\u00f1o escolar.<\/p>\n<\/div>\n<p><span class=\"dropcap \" style=\"background-color: #ffffff; color: #000000; border-color: #ffffff;\">C<\/span>urrie sabe que hay muchas expectativas de cara al nuevo a\u00f1o escolar y que todos esperan que todo est\u00e9 en orden, pero eso es imposible. Hay escasez de docentes, de escuelas y de aulas. El Gobierno ya ha tomado medidas para compensar la escasez de docentes mediante mejores incentivos.<\/p>\n<p>Recientemente se han otorgado a los docentes mejores prestaciones secundarias, as\u00ed como un aumento salarial del 15 por ciento, que entrar\u00e1 en vigor a finales de septiembre. Adem\u00e1s, el Gobierno asumir\u00e1 los costos de estudio de los estudiantes que se inscriban en el Pedagogisch Instituut o en el Instituut voor de Opleiding van Leraren.<\/p>\n<p>Con ello, el Gobierno intenta motivar al mayor n\u00famero posible de estudiantes a elegir estas formaciones. Tambi\u00e9n existen desaf\u00edos en lo que respecta al establecimiento de docentes en el interior, ya que las viviendas de servicio ya no cumplen con los requisitos y las comunidades locales no quieren alquilar viviendas al ministerio debido a pagos tard\u00edos. Mediante conversaciones con las comunidades locales, el ministerio intentar\u00e1 resolver este problema.<\/p>\n<p>Adem\u00e1s, el ministerio trabaja arduamente para acomodar a todos los alumnos para el pr\u00f3ximo a\u00f1o escolar. Se ha trabajado en la renovaci\u00f3n de varias escuelas y tambi\u00e9n en la construcci\u00f3n de nuevas escuelas. En colaboraci\u00f3n con el sector empresarial, seis escuelas han sido completamente renovadas. Asimismo, se construir\u00e1n 76 aulas adicionales gracias al sector empresarial. Adem\u00e1s, el Gobierno trabaja en la renovaci\u00f3n de 35 escuelas y en la construcci\u00f3n de 100 nuevas aulas.<\/p>\n<p>Seg\u00fan el ministro, las licitaciones p\u00fablicas para ello ya se realizaron. \u201cEstas aulas no estar\u00e1n terminadas el 1 de octubre, pero esperamos que estos espacios puedan utilizarse en diciembre.\u201d<br \/>\nGarantiz\u00f3 que habr\u00e1 un mejor inicio del nuevo a\u00f1o escolar en comparaci\u00f3n con el a\u00f1o escolar anterior. \u201cEstamos trabajando constantemente con los distintos actores, para que el nuevo a\u00f1o escolar comience sin contratiempos.\u201d<\/p>\n","protected":false},"excerpt":{"rendered":"<p>El ministro Currie reconoce la escasez de docentes y anuncia un aumento salarial del 15% y el reembolso de costos de estudio para fortalecer la educaci\u00f3n. Las renovaciones y las nuevas construcciones deben mejorar el a\u00f1o escolar.<\/p>\n","protected":false},"author":146,"featured_media":148526,"comment_status":"closed","ping_status":"closed","sticky":false,"template":"","format":"standard","meta":{"rop_custom_images_group":[],"rop_custom_messages_group":[],"rop_publish_now":"initial","rop_publish_now_accounts":{"facebook_29234516172805655_1309923202201307":"","facebook_29234516172805655_1158244960706604":"","facebook_29234516172805655_1093738170500407":"","facebook_29234516172805655_108923581283702":""},"rop_publish_now_history":[],"rop_publish_now_status":"pending","jnews-multi-image_gallery":[],"jnews_single_post":[],"jnews_primary_category":[],"jnews_override_counter":[],"footnotes":""},"categories":[16347],"tags":[16399,20616,16305,16307,18291,16306],"class_list":["post-184760","post","type-post","status-publish","format-standard","has-post-thumbnail","hentry","category-general","tag-dirk-currie","tag-educacion","tag-key-news","tag-noticias","tag-parlamento","tag-surinam"],"pp_statuses_selecting_workflow":false,"pp_workflow_action":"current","pp_status_selection":"publish","pp_force_visibility":null,"pp_subpost_visibility":null,"pp_inherited_force_visibility":null,"pp_inherited_subpost_visibility":null,"_links":{"self":[{"href":"https:\/\/keynews.sr\/es\/wp-json\/wp\/v2\/posts\/184760","targetHints":{"allow":["GET"]}}],"collection":[{"href":"https:\/\/keynews.sr\/es\/wp-json\/wp\/v2\/posts"}],"about":[{"href":"https:\/\/keynews.sr\/es\/wp-json\/wp\/v2\/types\/post"}],"author":[{"embeddable":true,"href":"https:\/\/keynews.sr\/es\/wp-json\/wp\/v2\/users\/146"}],"replies":[{"embeddable":true,"href":"https:\/\/keynews.sr\/es\/wp-json\/wp\/v2\/comments?post=184760"}],"version-history":[{"count":0,"href":"https:\/\/keynews.sr\/es\/wp-json\/wp\/v2\/posts\/184760\/revisions"}],"wp:featuredmedia":[{"embeddable":true,"href":"https:\/\/keynews.sr\/es\/wp-json\/wp\/v2\/media\/148526"}],"wp:attachment":[{"href":"https:\/\/keynews.sr\/es\/wp-json\/wp\/v2\/media?parent=184760"}],"wp:term":[{"taxonomy":"category","embeddable":true,"href":"https:\/\/keynews.sr\/es\/wp-json\/wp\/v2\/categories?post=184760"},{"taxonomy":"post_tag","embeddable":true,"href":"https:\/\/keynews.sr\/es\/wp-json\/wp\/v2\/tags?post=184760"}],"curies":[{"name":"wp","href":"https:\/\/api.w.org\/{rel}","templated":true}]}}