{"id":184773,"date":"2026-09-02T16:18:06","date_gmt":"2026-09-02T19:18:06","guid":{"rendered":"https:\/\/keynews.sr\/?p=184773"},"modified":"2026-09-02T16:18:06","modified_gmt":"2026-09-02T19:18:06","slug":"ministro-landveld-se-pago-por-un-motor-nuevo-pero-se-instalo-uno-de-segunda-mano-en-canawaima","status":"publish","type":"post","link":"https:\/\/keynews.sr\/es\/ministro-landveld-se-pago-por-un-motor-nuevo-pero-se-instalo-uno-de-segunda-mano-en-canawaima\/","title":{"rendered":"Ministro Landveld: \u201cSe pag\u00f3 por un motor nuevo, pero se instal\u00f3 uno de segunda mano en Canawaima\u201d"},"content":{"rendered":"<div class=\"intro-text\">\n<p>\u201cHace \u10d3\u10d0\u10d0\u10ee\u10da\u10dd\u10d4\u10d1\u10d8\u10d7 doce a\u00f1os se pag\u00f3 por un motor nuevo, pero se instal\u00f3 uno de segunda mano en Canawaima\u201d, dijo el lunes en el parlamento el ministro Raymond Landveld, de Transport, Communicatie en Toerisme, sobre el ferry de Canawaima.<\/p>\n<\/div>\n<p><span class=\"dropcap \" style=\"background-color: #ffffff; color: #000000; border-color: #ffffff;\">El<\/span> ministro dijo que, debido a que se instal\u00f3 un motor de segunda mano en el ferry, este se averi\u00f3 m\u00e1s r\u00e1pido de lo esperado. \u201cCon esto nos enfrentamos cuando asumimos\u201d. A\u00f1adi\u00f3 que debe ponerse en servicio un motor nuevo o incluso una embarcaci\u00f3n nueva en esta ruta. Hay conversaciones con interesados que desean poner en servicio una embarcaci\u00f3n nueva y las conversaciones a\u00fan contin\u00faan, pero todav\u00eda no se han hecho acuerdos definitivos.<\/p>\n<p>Sobre la suspensi\u00f3n del gerente de la terminal y de un asesor de la empresa estatal, Landveld a\u00fan no pudo decir mucho. Ambos funcionarios fueron suspendidos en mayo y esta medida estuvo vigente hasta el 31 de agosto, pero ambos contin\u00faan suspendidos. Se contrat\u00f3 a un contador para realizar una investigaci\u00f3n. Ese informe contable deb\u00eda entregarse hace una semana y, sobre esa base, se tomar\u00edan decisiones.<\/p>\n<p>El informe ya fue recibido, pero a\u00fan est\u00e1 siendo estudiado. Ya se celebr\u00f3 una reuni\u00f3n con la gerencia y los presidentes del consejo de supervisi\u00f3n. Si queda claro que hubo mala gesti\u00f3n y si esto puede demostrarse, se tomar\u00e1n medidas. Si no es el caso, las personas ser\u00e1n restituidas en sus cargos. El ministro no pudo profundizar m\u00e1s sobre este asunto.<\/p>\n<p>Recientemente, la Maritieme Autoriteit Suriname (MAS, Autoridad Mar\u00edtima de Surinam) impuso una prohibici\u00f3n de navegaci\u00f3n al ferry de Canawaima debido a graves deficiencias, pero la prohibici\u00f3n ya fue levantada. Seg\u00fan el ministro, se trabaj\u00f3 arduamente para que el ferry volviera a estar operativo y la embarcaci\u00f3n volvi\u00f3 a navegar desde el pasado viernes. La gerencia hizo todo lo posible para cumplir con los requisitos establecidos por la MAS. \u201cEstuvimos continuamente en contacto con la MAS y, cuando la embarcaci\u00f3n cumpli\u00f3 con los requisitos, esto fue comunicado inmediatamente a la MAS.\u201d<\/p>\n","protected":false},"excerpt":{"rendered":"<p>El ministro Landveld revela que se pag\u00f3 un motor nuevo para el ferry Canawaima, pero se instal\u00f3 un ejemplar de segunda mano, lo que provoc\u00f3 aver\u00edas prematuras y una prohibici\u00f3n temporal de navegaci\u00f3n.<\/p>\n","protected":false},"author":146,"featured_media":169185,"comment_status":"closed","ping_status":"closed","sticky":false,"template":"","format":"standard","meta":{"rop_custom_images_group":[],"rop_custom_messages_group":[],"rop_publish_now":"initial","rop_publish_now_accounts":{"facebook_29234516172805655_1309923202201307":"","facebook_29234516172805655_1158244960706604":"","facebook_29234516172805655_1093738170500407":"","facebook_29234516172805655_108923581283702":""},"rop_publish_now_history":[],"rop_publish_now_status":"pending","jnews-multi-image_gallery":[],"jnews_single_post":[],"jnews_primary_category":[],"jnews_override_counter":[],"footnotes":""},"categories":[16347],"tags":[19904,16305,16307,18291,20627,16306,20626],"class_list":["post-184773","post","type-post","status-publish","format-standard","has-post-thumbnail","hentry","category-general","tag-canawaima","tag-key-news","tag-noticias","tag-parlamento","tag-prohibicion-de-navegacion","tag-surinam","tag-tct"],"pp_statuses_selecting_workflow":false,"pp_workflow_action":"current","pp_status_selection":"publish","pp_force_visibility":null,"pp_subpost_visibility":null,"pp_inherited_force_visibility":null,"pp_inherited_subpost_visibility":null,"_links":{"self":[{"href":"https:\/\/keynews.sr\/es\/wp-json\/wp\/v2\/posts\/184773","targetHints":{"allow":["GET"]}}],"collection":[{"href":"https:\/\/keynews.sr\/es\/wp-json\/wp\/v2\/posts"}],"about":[{"href":"https:\/\/keynews.sr\/es\/wp-json\/wp\/v2\/types\/post"}],"author":[{"embeddable":true,"href":"https:\/\/keynews.sr\/es\/wp-json\/wp\/v2\/users\/146"}],"replies":[{"embeddable":true,"href":"https:\/\/keynews.sr\/es\/wp-json\/wp\/v2\/comments?post=184773"}],"version-history":[{"count":1,"href":"https:\/\/keynews.sr\/es\/wp-json\/wp\/v2\/posts\/184773\/revisions"}],"predecessor-version":[{"id":184819,"href":"https:\/\/keynews.sr\/es\/wp-json\/wp\/v2\/posts\/184773\/revisions\/184819"}],"wp:featuredmedia":[{"embeddable":true,"href":"https:\/\/keynews.sr\/es\/wp-json\/wp\/v2\/media\/169185"}],"wp:attachment":[{"href":"https:\/\/keynews.sr\/es\/wp-json\/wp\/v2\/media?parent=184773"}],"wp:term":[{"taxonomy":"category","embeddable":true,"href":"https:\/\/keynews.sr\/es\/wp-json\/wp\/v2\/categories?post=184773"},{"taxonomy":"post_tag","embeddable":true,"href":"https:\/\/keynews.sr\/es\/wp-json\/wp\/v2\/tags?post=184773"}],"curies":[{"name":"wp","href":"https:\/\/api.w.org\/{rel}","templated":true}]}}