{"id":184794,"date":"2026-09-02T23:06:12","date_gmt":"2026-09-03T02:06:12","guid":{"rendered":"https:\/\/keynews.sr\/?p=184794"},"modified":"2026-09-02T20:06:12","modified_gmt":"2026-09-02T23:06:12","slug":"renovacion-y-ampliacion-de-escuelas-de-cara-al-nuevo-ano-escolar","status":"publish","type":"post","link":"https:\/\/keynews.sr\/es\/renovacion-y-ampliacion-de-escuelas-de-cara-al-nuevo-ano-escolar\/","title":{"rendered":"Renovaci\u00f3n y ampliaci\u00f3n de escuelas de cara al nuevo a\u00f1o escolar"},"content":{"rendered":"<div class=\"intro-text\">\n<p>El Ministerio de Onderwijs, Wetenschap en Cultuur (Educaci\u00f3n, Ciencia y Cultura) est\u00e1 llevando a cabo renovaciones en varias escuelas y construyendo nuevas aulas. Los trabajos forman parte de los preparativos para el a\u00f1o escolar 2026-2027.<\/p>\n<\/div>\n<p><span class=\"dropcap \" style=\"background-color: #ffffff; color: #000000; border-color: #ffffff;\">E<\/span>l ministro de Educaci\u00f3n, Dirk Currie, visit\u00f3 el martes 1 de septiembre cuatro escuelas para observar el avance de los trabajos. Se trat\u00f3 de Mulo Schotelweg, O.S. 2 Koewarasang, Havo 1 y Havo 4.<\/p>\n<p>En varios lugares se est\u00e1n construyendo nuevas aulas. Dos de las escuelas visitadas ser\u00e1n renovadas por completo.<\/p>\n<p>Seg\u00fan el ministerio, m\u00e1s de 150 escuelas figuran en la lista de renovaciones. De estas, se han seleccionado aproximadamente 61 escuelas. Para 35 ubicaciones, ya se ha adjudicado el encargo.<\/p>\n<p>Adem\u00e1s, el ministerio trabaja en la construcci\u00f3n de cien nuevas aulas. El objetivo es entregar estas aulas a m\u00e1s tardar a finales de diciembre.<\/p>\n<p>Currie espera que las escuelas, incluidas las del interior, puedan comenzar el nuevo a\u00f1o escolar a tiempo. Seg\u00fan \u00e9l, el transporte de los docentes est\u00e1 organizado y actualmente no hay atrasos en los pagos a los transportistas a\u00e9reos, de autob\u00fas y de barco.<\/p>\n<p>El ministerio tambi\u00e9n quiere aplicar la digitalizaci\u00f3n para compensar parcialmente la escasez de docentes. Para ello, se est\u00e1 preparando un proyecto piloto tanto en Paramaribo como en el interior.<\/p>\n<p>Adem\u00e1s, el Gobierno asumir\u00e1 los costos de formaci\u00f3n de futuros docentes en, entre otros, los institutos pedag\u00f3gicos y el Instituut voor de Opleiding van Leraren.<\/p>\n<p>El ministerio tambi\u00e9n estudia c\u00f3mo todos los alumnos pueden tener acceso a la educaci\u00f3n. Para ello, se analizan aulas adicionales, instalaciones temporales y transporte escolar cuando sea necesario.<\/p>\n<p>Currie reconoci\u00f3 anteriormente que el retraso en el mantenimiento de las escuelas es grande. Al inicio del proyecto de renovaci\u00f3n en junio, subray\u00f3 que tanto el Gobierno como el sector privado pueden contribuir a mejorar los edificios escolares.<\/p>\n","protected":false},"excerpt":{"rendered":"<p>El Ministerio de Educaci\u00f3n renueva y ampl\u00eda 61 escuelas y construye 100 nuevas aulas para poder iniciar a tiempo el a\u00f1o escolar 2026-2027, tambi\u00e9n en el interior.<\/p>\n","protected":false},"author":4,"featured_media":184721,"comment_status":"closed","ping_status":"closed","sticky":false,"template":"","format":"standard","meta":{"rop_custom_images_group":[],"rop_custom_messages_group":[],"rop_publish_now":"initial","rop_publish_now_accounts":{"facebook_29234516172805655_1309923202201307":"","facebook_29234516172805655_1158244960706604":"","facebook_29234516172805655_1093738170500407":"","facebook_29234516172805655_108923581283702":""},"rop_publish_now_history":[],"rop_publish_now_status":"pending","jnews-multi-image_gallery":[],"jnews_single_post":[],"jnews_primary_category":[],"jnews_override_counter":[],"footnotes":""},"categories":[16347],"tags":[16399,20616,20635,16305,20636,16306],"class_list":["post-184794","post","type-post","status-publish","format-standard","has-post-thumbnail","hentry","category-general","tag-dirk-currie","tag-educacion","tag-escuelas","tag-key-news","tag-noticias-renovacion","tag-surinam"],"pp_statuses_selecting_workflow":false,"pp_workflow_action":"current","pp_status_selection":"publish","pp_force_visibility":null,"pp_subpost_visibility":null,"pp_inherited_force_visibility":null,"pp_inherited_subpost_visibility":null,"_links":{"self":[{"href":"https:\/\/keynews.sr\/es\/wp-json\/wp\/v2\/posts\/184794","targetHints":{"allow":["GET"]}}],"collection":[{"href":"https:\/\/keynews.sr\/es\/wp-json\/wp\/v2\/posts"}],"about":[{"href":"https:\/\/keynews.sr\/es\/wp-json\/wp\/v2\/types\/post"}],"author":[{"embeddable":true,"href":"https:\/\/keynews.sr\/es\/wp-json\/wp\/v2\/users\/4"}],"replies":[{"embeddable":true,"href":"https:\/\/keynews.sr\/es\/wp-json\/wp\/v2\/comments?post=184794"}],"version-history":[{"count":1,"href":"https:\/\/keynews.sr\/es\/wp-json\/wp\/v2\/posts\/184794\/revisions"}],"predecessor-version":[{"id":184887,"href":"https:\/\/keynews.sr\/es\/wp-json\/wp\/v2\/posts\/184794\/revisions\/184887"}],"wp:featuredmedia":[{"embeddable":true,"href":"https:\/\/keynews.sr\/es\/wp-json\/wp\/v2\/media\/184721"}],"wp:attachment":[{"href":"https:\/\/keynews.sr\/es\/wp-json\/wp\/v2\/media?parent=184794"}],"wp:term":[{"taxonomy":"category","embeddable":true,"href":"https:\/\/keynews.sr\/es\/wp-json\/wp\/v2\/categories?post=184794"},{"taxonomy":"post_tag","embeddable":true,"href":"https:\/\/keynews.sr\/es\/wp-json\/wp\/v2\/tags?post=184794"}],"curies":[{"name":"wp","href":"https:\/\/api.w.org\/{rel}","templated":true}]}}