{"id":184861,"date":"2026-09-02T20:17:48","date_gmt":"2026-09-02T23:17:48","guid":{"rendered":"https:\/\/keynews.sr\/stephen-fokke-preocupado-tras-intenso-incendio-en-la-historica-oranjetuin\/"},"modified":"2026-09-02T20:17:48","modified_gmt":"2026-09-02T23:17:48","slug":"stephen-fokke-preocupado-tras-intenso-incendio-en-la-historica-oranjetuin","status":"publish","type":"post","link":"https:\/\/keynews.sr\/es\/stephen-fokke-preocupado-tras-intenso-incendio-en-la-historica-oranjetuin\/","title":{"rendered":"Stephen Fokk\u00e9 preocupado tras intenso incendio en la hist\u00f3rica Oranjetuin"},"content":{"rendered":"<div class=\"intro-text\">\n<p>Stephen Fokk\u00e9 advierte sobre posibles da\u00f1os a tumbas hist\u00f3ricas despu\u00e9s de que el mi\u00e9rcoles por la tarde se declarara un incendio en Oranjetuin, en Paramaribo. El fuego se origin\u00f3 durante labores de limpieza y presuntamente se propag\u00f3 durante el control de abejas brasile\u00f1as.<\/p>\n<\/div>\n<p><span class=\"dropcap\" style=\"background-color: #ffffff; color: #000000; border-color: #ffffff;\">S<\/span>tephen Fokk\u00e9, gestor del sitio de la UNESCO y estrechamente involucrado en la limpieza de Oranjetuin, afirma que previamente, el mi\u00e9rcoles 2 de septiembre, hab\u00eda indicado expresamente que no se deb\u00eda quemar en el terreno. Sin embargo, unas horas despu\u00e9s se produjo un intenso incendio en Oranjetuin durante los trabajos. Seg\u00fan la informaci\u00f3n que recibi\u00f3 en el lugar, algo sali\u00f3 mal durante el control de abejas brasile\u00f1as entre las tumbas y la densa vegetaci\u00f3n.<\/p>\n<p>Altas llamas se extendieron por partes del terreno, fuertemente cubierto de maleza. Los bomberos acudieron y trabajaron para controlar el fuego lo antes posible y evitar que siguiera propag\u00e1ndose. Finalmente lo consiguieron. El mi\u00e9rcoles por la noche a\u00fan no estaba totalmente claro si l\u00e1pidas, postes funerarios de madera u otros elementos hist\u00f3ricos hab\u00edan resultado da\u00f1ados por el fuego o el calor.<\/p>\n<p>En el momento del incendio, personas detenidas estaban limpiando el antiguo cementerio. Los trabajos llevan tiempo avanzando con dificultad, porque la vegetaci\u00f3n es muy densa en muchos lugares. Tambi\u00e9n se sabe que hay abejas brasile\u00f1as entre las tumbas. Seg\u00fan los involucrados, esta combinaci\u00f3n hace que el terreno sea dif\u00edcil de transitar y exige especial precauci\u00f3n al retirar arbustos, ramas y otra vegetaci\u00f3n.<\/p>\n<h2>El incendio en Oranjetuin preocupa a experto en patrimonio<\/h2>\n<p>Fokk\u00e9 est\u00e1 especialmente preocupado por las posibles consecuencias del fuego para las tumbas hist\u00f3ricas. \u00abEl fuego no es bueno para las tumbas. Hay postes funerarios de madera entre ellas\u00bb, afirma. Incluso cuando las llamas no alcanzan directamente una tumba, la alta temperatura puede causar da\u00f1os, seg\u00fan \u00e9l. Las antiguas l\u00e1pidas, las obras de mamposter\u00eda y las piezas de madera son vulnerables y pueden sufrir da\u00f1os permanentes por un enfoque incorrecto.<\/p>\n<h2>La limpieza del cementerio sigue siendo complicada<\/h2>\n<p>Oranjetuin se est\u00e1 limpiando actualmente paso a paso. Seg\u00fan afirma Fokk\u00e9, est\u00e1 presente en el terreno aproximadamente cada dos d\u00edas para supervisar los trabajos. La vegetaci\u00f3n se ha desarrollado tan intensamente con el paso de los a\u00f1os que describe el lugar como un \u00abbosque urbano\u00bb. Como resultado, las tumbas y otros objetos hist\u00f3ricos pueden quedar completamente ocultos de la vista.<\/p>\n<p>Los \u00e1rboles tambi\u00e9n representan una amenaza. Algunos crecen desde las tumbas o muy cerca de ellas y pueden da\u00f1ar las estructuras funerarias con sus ra\u00edces. Seg\u00fan Fokk\u00e9, estos \u00e1rboles son podados y posteriormente eliminados con pesticidas. Simplemente arrancar las ra\u00edces del suelo no es una soluci\u00f3n responsable, seg\u00fan \u00e9l, porque eso podr\u00eda desprender o da\u00f1ar a\u00fan m\u00e1s partes de las tumbas.<\/p>\n<blockquote class=\"pullquote align-center\"><p>El fuego no es bueno para las tumbas. Hay postes funerarios de madera entre ellas.<\/p><\/blockquote>\n<h2>Las tumbas hist\u00f3ricas deben seguir siendo visibles<\/h2>\n<p>Fokk\u00e9 subraya que los trabajos tienen precisamente el objetivo de volver a hacer visible el valor hist\u00f3rico de Oranjetuin. Seg\u00fan \u00e9l, las tumbas m\u00e1s antiguas se encuentran a ambos lados del sendero central. Debido a la intensa vegetaci\u00f3n, muchos monumentos funerarios apenas son visibles actualmente. Una limpieza cuidadosa puede, seg\u00fan \u00e9l, ayudar a que el lugar vuelva a ser accesible sin da\u00f1ar m\u00e1s el patrimonio.<\/p>\n<p>El experto en patrimonio tambi\u00e9n contradice la imagen de que Oranjetuin habr\u00eda sido exclusivamente un cementerio para personas ricas o para un solo grupo poblacional. El cementerio tuvo distintas fases a lo largo de los siglos y posteriormente se convirti\u00f3 en un cementerio general. Seg\u00fan Fokk\u00e9, tambi\u00e9n hay chinos e hindustanos de \u00e9pocas anteriores enterrados all\u00ed. De este modo, el terreno refleja distintas partes de la historia de Paramaribo y Suriname.<\/p>\n<h2>El vandalismo ya ha causado da\u00f1os<\/h2>\n<p>No todos los da\u00f1os en Oranjetuin son consecuencia de la naturaleza y del mantenimiento atrasado. Seg\u00fan Fokk\u00e9, varias tumbas fueron da\u00f1adas en el pasado por v\u00e1ndalos que buscaban joyas u otros objetos valiosos. Como consecuencia, se forzaron estructuras funerarias y se da\u00f1aron monumentos. Por tanto, la limpieza actual se realiza en un lugar donde parte del material hist\u00f3rico ya es vulnerable o est\u00e1 da\u00f1ado.<\/p>\n<figure id=\"attachment_184850\" aria-describedby=\"caption-attachment-184850\" style=\"width: 820px\" class=\"wp-caption alignnone\"><img decoding=\"async\" class=\"wp-image-184850 size-medium\" src=\"https:\/\/media.keynews.sr\/2026\/09\/WhatsApp-Image-2026-09-02-at-1.15.17-PM-820x369.jpeg\" alt=\"\" width=\"820\" height=\"369\" title=\"\" srcset=\"https:\/\/media.keynews.sr\/2026\/09\/WhatsApp-Image-2026-09-02-at-1.15.17-PM-820x369.jpeg 820w, https:\/\/media.keynews.sr\/2026\/09\/WhatsApp-Image-2026-09-02-at-1.15.17-PM-1200x540.jpeg 1200w, https:\/\/media.keynews.sr\/2026\/09\/WhatsApp-Image-2026-09-02-at-1.15.17-PM-768x346.jpeg 768w, https:\/\/media.keynews.sr\/2026\/09\/WhatsApp-Image-2026-09-02-at-1.15.17-PM.jpeg 1400w, https:\/\/media.keynews.sr\/2026\/09\/WhatsApp-Image-2026-09-02-at-1.15.17-PM-750x338.jpeg 750w, https:\/\/media.keynews.sr\/2026\/09\/WhatsApp-Image-2026-09-02-at-1.15.17-PM-1140x513.jpeg 1140w\" sizes=\"(max-width: 820px) 100vw, 820px\" \/><figcaption id=\"caption-attachment-184850\" class=\"wp-caption-text\">Incendio en Oranjetuin<\/figcaption><\/figure>\n<p>El incidente con el <strong>incendio en Oranjetuin<\/strong> vuelve a poner de manifiesto esa vulnerabilidad. En un antiguo cementerio, una medida destinada a resolver un problema pr\u00e1ctico, como controlar abejas o retirar vegetaci\u00f3n, puede tener consecuencias inesperadas para los monumentos funerarios. Por ello, Fokk\u00e9 aboga por un m\u00e9todo de trabajo en el que la protecci\u00f3n de las tumbas siempre tenga prioridad.<\/p>\n<h2>Oranjetuin puede adquirir valor tur\u00edstico y educativo<\/h2>\n<p>Pese al estado actual del terreno, Fokk\u00e9 ve posibilidades de que Oranjetuin se convierta en un importante sitio hist\u00f3rico y tur\u00edstico. Seg\u00fan \u00e9l, los visitantes podr\u00edan conocer all\u00ed a personas y comunidades que ocupan un lugar en la historia de Suriname. Para ello, el cementerio debe ser seguro, accesible y mantenerse de una manera responsable.<\/p>\n<p>La atenci\u00f3n prestada a Oranjetuin se vincula con el debate m\u00e1s amplio sobre la conservaci\u00f3n del patrimonio surinam\u00e9s. Key News inform\u00f3 recientemente sobre <a href=\"https:\/\/keynews.sr\/es\/heritage-month-suriname-2026-concluido-con-llamado-a-valorar-el-patrimonio\/\">Heritage Month Suriname 2026<\/a>, que se centr\u00f3 precisamente en preservar y transmitir la historia y el patrimonio cultural. El incendio demuestra que la protecci\u00f3n del patrimonio tambi\u00e9n depende de una gesti\u00f3n cuidadosa en sitios hist\u00f3ricos.<\/p>\n<h2>El incendio en Oranjetuin afecta un lugar con siglos de historia<\/h2>\n<p>La actual Oranjetuin fue establecida en 1756 y sigui\u00f3 utiliz\u00e1ndose como cementerio, con distintos per\u00edodos de uso, hasta 1961. El terreno est\u00e1 situado entre Dr. J.F. Nassylaan, Henck Arronstraat y Swalmbergstraat. El lugar forma parte del paisaje urbano hist\u00f3rico de Paramaribo, donde edificios, calles y monumentos relatan conjuntamente una parte importante del desarrollo de la capital.<\/p>\n<p>El centro hist\u00f3rico de Paramaribo tiene estatus internacional de patrimonio. En el sitio web de <a href=\"https:\/\/whc.unesco.org\/en\/list\/940\/\" target=\"_blank\" rel=\"noopener\">UNESCO sobre el centro hist\u00f3rico de Paramaribo<\/a> se se\u00f1ala, entre otras cosas, la vulnerabilidad del patrimonio ante incendios y el abandono. Precisamente por ello es importante un mantenimiento cuidadoso de los lugares hist\u00f3ricos de la capital, especialmente cuando se realizan trabajos alrededor de madera antigua, piedra y otros materiales vulnerables.<\/p>\n<p>&nbsp;<\/p>\n<p>El fuego del mi\u00e9rcoles est\u00e1 bajo control, pero a\u00fan deben esclarecerse las consecuencias para el cementerio. Para Fokk\u00e9 est\u00e1 claro que la limpieza de Oranjetuin debe continuar, pero con la m\u00e1xima atenci\u00f3n a las tumbas y otros elementos hist\u00f3ricos. El desaf\u00edo consiste en volver a hacer accesible el terreno sin causar, durante ese proceso, nuevos da\u00f1os al patrimonio centenario.<\/p>\n","protected":false},"excerpt":{"rendered":"<p>Un intenso incendio durante trabajos de limpieza amenaza las tumbas hist\u00f3ricas de la Oranjetuin en Paramaribo, y el experto en patrimonio Stephen Fokk\u00e9 advierte de da\u00f1os permanentes.<\/p>\n","protected":false},"author":3,"featured_media":184849,"comment_status":"closed","ping_status":"closed","sticky":false,"template":"","format":"standard","meta":{"rop_custom_images_group":[],"rop_custom_messages_group":[],"rop_publish_now":"initial","rop_publish_now_accounts":{"facebook_29234516172805655_1309923202201307":"","facebook_29234516172805655_1158244960706604":"","facebook_29234516172805655_1093738170500407":"","facebook_29234516172805655_108923581283702":""},"rop_publish_now_history":[],"rop_publish_now_status":"pending","jnews-multi-image_gallery":[],"jnews_single_post":[],"jnews_primary_category":[],"jnews_override_counter":[],"footnotes":""},"categories":[16347],"tags":[20680,20678,20684,20682,18475,19905,20683,20681,20679],"class_list":["post-184861","post","type-post","status-publish","format-standard","has-post-thumbnail","hentry","category-general","tag-abejas-brasilenas","tag-brandweer-suriname-servicio-de-bomberos-de-surinam","tag-cementerio-historico","tag-incendio-oranjetuin","tag-keynews","tag-keynewssuriname","tag-oranjetuin-paramaribo","tag-patrimonio-de-surinam","tag-stephen-fokke"],"pp_statuses_selecting_workflow":false,"pp_workflow_action":"current","pp_status_selection":"publish","pp_force_visibility":null,"pp_subpost_visibility":null,"pp_inherited_force_visibility":null,"pp_inherited_subpost_visibility":null,"_links":{"self":[{"href":"https:\/\/keynews.sr\/es\/wp-json\/wp\/v2\/posts\/184861","targetHints":{"allow":["GET"]}}],"collection":[{"href":"https:\/\/keynews.sr\/es\/wp-json\/wp\/v2\/posts"}],"about":[{"href":"https:\/\/keynews.sr\/es\/wp-json\/wp\/v2\/types\/post"}],"author":[{"embeddable":true,"href":"https:\/\/keynews.sr\/es\/wp-json\/wp\/v2\/users\/3"}],"replies":[{"embeddable":true,"href":"https:\/\/keynews.sr\/es\/wp-json\/wp\/v2\/comments?post=184861"}],"version-history":[{"count":0,"href":"https:\/\/keynews.sr\/es\/wp-json\/wp\/v2\/posts\/184861\/revisions"}],"wp:featuredmedia":[{"embeddable":true,"href":"https:\/\/keynews.sr\/es\/wp-json\/wp\/v2\/media\/184849"}],"wp:attachment":[{"href":"https:\/\/keynews.sr\/es\/wp-json\/wp\/v2\/media?parent=184861"}],"wp:term":[{"taxonomy":"category","embeddable":true,"href":"https:\/\/keynews.sr\/es\/wp-json\/wp\/v2\/categories?post=184861"},{"taxonomy":"post_tag","embeddable":true,"href":"https:\/\/keynews.sr\/es\/wp-json\/wp\/v2\/tags?post=184861"}],"curies":[{"name":"wp","href":"https:\/\/api.w.org\/{rel}","templated":true}]}}