{"id":184884,"date":"2026-09-03T12:33:09","date_gmt":"2026-09-03T15:33:09","guid":{"rendered":"https:\/\/keynews.sr\/?p=184884&preview=true&preview_id=184884"},"modified":"2026-09-03T09:03:09","modified_gmt":"2026-09-03T12:03:09","slug":"posible-recuperacion-para-alumnos-de-10-o-grado-en-el-nuevo-ano-escolar","status":"publish","type":"post","link":"https:\/\/keynews.sr\/es\/posible-recuperacion-para-alumnos-de-10-o-grado-en-el-nuevo-ano-escolar\/","title":{"rendered":"Posible recuperaci\u00f3n para alumnos de 10.\u00ba grado en el nuevo a\u00f1o escolar"},"content":{"rendered":"<div class=\"postie-post\">\u00abEl pr\u00f3ximo a\u00f1o escolar introduciremos cambios al respecto\u00bb, declar\u00f3 el lunes en el parlamento el ministro Dirk Currie de Educaci\u00f3n, Ciencia y Cultura, sobre la prueba de d\u00e9cimo grado, para la cual hasta el a\u00f1o escolar 2025-2026 no era posible una recuperaci\u00f3n.<\/div>\n<div><\/div>\n<div class=\"postie-post\">Varios miembros de la DNA (De Nationale Assembl\u00e9e, parlamento de Surinam) formularon numerosas observaciones cr\u00edticas y preguntas al ministro sobre la posibilidad de recuperaci\u00f3n en d\u00e9cimo grado. Seg\u00fan algunos miembros de la DNA, los alumnos que solo tienen una calificaci\u00f3n insuficiente en una o dos asignaturas deben repetir todo un a\u00f1o escolar. Otros han tenido un buen desempe\u00f1o en clase, pero no rindieron bien durante la prueba. Muchos consideran que estos alumnos de d\u00e9cimo grado merecen una recuperaci\u00f3n, pero este a\u00f1o escolar no fue el caso.<\/div>\n<div><\/div>\n<div class=\"postie-post\">Currie se\u00f1al\u00f3 que siempre ha sido as\u00ed que los alumnos de d\u00e9cimo grado que no aprueban la prueba no pasan de curso. Nunca ha habido una recuperaci\u00f3n en d\u00e9cimo grado, y tampoco era el caso cuando esta prueba se realizaba en octavo grado. \u00abHa sido as\u00ed durante a\u00f1os y se adopt\u00f3 de esa manera\u00bb. No est\u00e1 de acuerdo con ello, pues solo en este momento no es posible una recuperaci\u00f3n. En todos los dem\u00e1s casos, los alumnos s\u00ed tienen la posibilidad de recuperaci\u00f3n.<\/div>\n<div><\/div>\n<div class=\"postie-post\">Para evitar el caos, esta regla no fue modificada, pero es muy posible que se cambie el pr\u00f3ximo a\u00f1o escolar. \u00abEl inter\u00e9s del alumno es primordial. Por ello, ahora se est\u00e1 analizando si debe hacerse una excepci\u00f3n para los alumnos de d\u00e9cimo grado y pronto se tomar\u00e1 una decisi\u00f3n\u00bb, dijo Currie.<\/div>\n","protected":false},"excerpt":{"rendered":"<p>Los alumnos de 10.\u00ba grado podr\u00edan tener, a partir del pr\u00f3ximo a\u00f1o escolar, la oportunidad de recuperar ex\u00e1menes, un cambio que el ministro Currie considera para salvaguardar el inter\u00e9s del alumno.<\/p>\n","protected":false},"author":146,"featured_media":176231,"comment_status":"closed","ping_status":"closed","sticky":false,"template":"","format":"standard","meta":{"rop_custom_images_group":[],"rop_custom_messages_group":[],"rop_publish_now":"initial","rop_publish_now_accounts":{"facebook_29234516172805655_1309923202201307":"","facebook_29234516172805655_1158244960706604":"","facebook_29234516172805655_1093738170500407":"","facebook_29234516172805655_108923581283702":""},"rop_publish_now_history":[],"rop_publish_now_status":"pending","jnews-multi-image_gallery":[],"jnews_single_post":{"format":"standard"},"jnews_primary_category":[],"jnews_override_counter":[],"footnotes":""},"categories":[16347],"tags":[16305,16307,16306],"class_list":["post-184884","post","type-post","status-publish","format-standard","has-post-thumbnail","hentry","category-general","tag-key-news","tag-noticias","tag-surinam"],"pp_statuses_selecting_workflow":false,"pp_workflow_action":"current","pp_status_selection":"publish","pp_force_visibility":null,"pp_subpost_visibility":null,"pp_inherited_force_visibility":null,"pp_inherited_subpost_visibility":null,"_links":{"self":[{"href":"https:\/\/keynews.sr\/es\/wp-json\/wp\/v2\/posts\/184884","targetHints":{"allow":["GET"]}}],"collection":[{"href":"https:\/\/keynews.sr\/es\/wp-json\/wp\/v2\/posts"}],"about":[{"href":"https:\/\/keynews.sr\/es\/wp-json\/wp\/v2\/types\/post"}],"author":[{"embeddable":true,"href":"https:\/\/keynews.sr\/es\/wp-json\/wp\/v2\/users\/146"}],"replies":[{"embeddable":true,"href":"https:\/\/keynews.sr\/es\/wp-json\/wp\/v2\/comments?post=184884"}],"version-history":[{"count":1,"href":"https:\/\/keynews.sr\/es\/wp-json\/wp\/v2\/posts\/184884\/revisions"}],"predecessor-version":[{"id":186268,"href":"https:\/\/keynews.sr\/es\/wp-json\/wp\/v2\/posts\/184884\/revisions\/186268"}],"wp:featuredmedia":[{"embeddable":true,"href":"https:\/\/keynews.sr\/es\/wp-json\/wp\/v2\/media\/176231"}],"wp:attachment":[{"href":"https:\/\/keynews.sr\/es\/wp-json\/wp\/v2\/media?parent=184884"}],"wp:term":[{"taxonomy":"category","embeddable":true,"href":"https:\/\/keynews.sr\/es\/wp-json\/wp\/v2\/categories?post=184884"},{"taxonomy":"post_tag","embeddable":true,"href":"https:\/\/keynews.sr\/es\/wp-json\/wp\/v2\/tags?post=184884"}],"curies":[{"name":"wp","href":"https:\/\/api.w.org\/{rel}","templated":true}]}}