{"id":184890,"date":"2026-09-03T02:34:09","date_gmt":"2026-09-03T05:34:09","guid":{"rendered":"https:\/\/keynews.sr\/?p=184890&preview=true&preview_id=184890"},"modified":"2026-09-01T08:18:09","modified_gmt":"2026-09-01T11:18:09","slug":"ministro-currie-los-docentes-pueden-trabajar-hasta-los-62-anos","status":"publish","type":"post","link":"https:\/\/keynews.sr\/es\/ministro-currie-los-docentes-pueden-trabajar-hasta-los-62-anos\/","title":{"rendered":"Ministro Currie: \u201cLos docentes pueden trabajar hasta los 62 a\u00f1os\u201d"},"content":{"rendered":"<div class=\"postie-post\">\u201cLos docentes pueden trabajar hasta los 62 a\u00f1os\u201d, inform\u00f3 el lunes en el parlamento el ministro Dirk Currie de Onderwijs, Wetenschap en Cultuur. Con ello, el ministro intenta cubrir la escasez de personal docente en el pa\u00eds.<\/div>\n<div><\/div>\n<div class=\"postie-post\">Currie afirm\u00f3 que dentro del gobierno ya se ha tomado una decisi\u00f3n. Todos los docentes que, despu\u00e9s de cumplir 60 a\u00f1os, quieran trabajar, podr\u00e1n hacerlo hasta los 62 a\u00f1os. \u201cNo es una obligaci\u00f3n, pero si los educadores lo desean, pueden indicarlo\u201d. El ministro cuenta con la autorizaci\u00f3n del Raad van Ministers y del gobierno para atender estas solicitudes.<\/div>\n<div><\/div>\n<div class=\"postie-post\">El ministro dijo recientemente que en la educaci\u00f3n primaria faltan 54 docentes en los grados inferiores y 45 docentes en los grados superiores. El ministerio quiere eliminar esta escasez. Currie no tiene indicios de que los docentes sigan saliendo del pa\u00eds, pero ya se est\u00e1 observando el flujo de egresados de los institutos pedag\u00f3gicos y del Instituut voor de Opleiding van Leraren para cubrir las carencias. \u00abVamos a ofrecerles un empleo a las personas. No vamos a esperar hasta que soliciten, les ofreceremos un empleo de inmediato.\u00bb<\/div>\n<div><\/div>\n<div class=\"postie-post\">Adem\u00e1s, inform\u00f3 que en la educaci\u00f3n especial hay una escasez de 31 docentes. En las distintas escuelas AVO se necesitan 84 docentes m\u00e1s. Por ahora, no hay escasez en las escuelas de educaci\u00f3n secundaria. En las escuelas AVO, la mayor falta se registra especialmente en las asignaturas de matem\u00e1ticas, espa\u00f1ol, qu\u00edmica, f\u00edsica y geograf\u00eda. Una de las soluciones, seg\u00fan Currie, es introducir la educaci\u00f3n digital.<\/div>\n<div><\/div>\n<div class=\"postie-post\">El ministro dijo recientemente que la escasez deber\u00e1 cubrirse con todo lo que est\u00e9 disponible. Por lo tanto, tambi\u00e9n se recurrir\u00e1 a docentes jubilados que quieran impartir clases. Cada a\u00f1o abandonan la educaci\u00f3n para trabajar en otro ministerio, en el sector privado o eligen una carrera en el extranjero. Adem\u00e1s de los docentes que se van, hay varios que se jubilan.<\/div>\n","protected":false},"excerpt":{"rendered":"<p>El ministro Currie anuncia que los docentes pueden seguir trabajando voluntariamente hasta los 62 a\u00f1os para reducir la escasez de maestros en la educaci\u00f3n primaria y la educaci\u00f3n especial.<\/p>\n","protected":false},"author":146,"featured_media":184893,"comment_status":"closed","ping_status":"closed","sticky":false,"template":"","format":"standard","meta":{"rop_custom_images_group":[],"rop_custom_messages_group":[],"rop_publish_now":"initial","rop_publish_now_accounts":{"facebook_29234516172805655_1309923202201307":"","facebook_29234516172805655_1158244960706604":"","facebook_29234516172805655_1093738170500407":"","facebook_29234516172805655_108923581283702":""},"rop_publish_now_history":[],"rop_publish_now_status":"pending","jnews-multi-image_gallery":[],"jnews_single_post":[],"jnews_primary_category":[],"jnews_override_counter":[],"footnotes":""},"categories":[16347],"tags":[16399,20173,20616,20703,16305,16307,16306],"class_list":["post-184890","post","type-post","status-publish","format-standard","has-post-thumbnail","hentry","category-general","tag-dirk-currie","tag-docentes","tag-educacion","tag-jubilacion","tag-key-news","tag-noticias","tag-surinam"],"pp_statuses_selecting_workflow":false,"pp_workflow_action":"current","pp_status_selection":"publish","pp_force_visibility":null,"pp_subpost_visibility":null,"pp_inherited_force_visibility":null,"pp_inherited_subpost_visibility":null,"_links":{"self":[{"href":"https:\/\/keynews.sr\/es\/wp-json\/wp\/v2\/posts\/184890","targetHints":{"allow":["GET"]}}],"collection":[{"href":"https:\/\/keynews.sr\/es\/wp-json\/wp\/v2\/posts"}],"about":[{"href":"https:\/\/keynews.sr\/es\/wp-json\/wp\/v2\/types\/post"}],"author":[{"embeddable":true,"href":"https:\/\/keynews.sr\/es\/wp-json\/wp\/v2\/users\/146"}],"replies":[{"embeddable":true,"href":"https:\/\/keynews.sr\/es\/wp-json\/wp\/v2\/comments?post=184890"}],"version-history":[{"count":1,"href":"https:\/\/keynews.sr\/es\/wp-json\/wp\/v2\/posts\/184890\/revisions"}],"predecessor-version":[{"id":184919,"href":"https:\/\/keynews.sr\/es\/wp-json\/wp\/v2\/posts\/184890\/revisions\/184919"}],"wp:featuredmedia":[{"embeddable":true,"href":"https:\/\/keynews.sr\/es\/wp-json\/wp\/v2\/media\/184893"}],"wp:attachment":[{"href":"https:\/\/keynews.sr\/es\/wp-json\/wp\/v2\/media?parent=184890"}],"wp:term":[{"taxonomy":"category","embeddable":true,"href":"https:\/\/keynews.sr\/es\/wp-json\/wp\/v2\/categories?post=184890"},{"taxonomy":"post_tag","embeddable":true,"href":"https:\/\/keynews.sr\/es\/wp-json\/wp\/v2\/tags?post=184890"}],"curies":[{"name":"wp","href":"https:\/\/api.w.org\/{rel}","templated":true}]}}