{"id":184896,"date":"2026-09-03T03:21:18","date_gmt":"2026-09-03T06:21:18","guid":{"rendered":"https:\/\/keynews.sr\/?p=184896&preview=true&preview_id=184896"},"modified":"2026-09-02T20:49:18","modified_gmt":"2026-09-02T23:49:18","slug":"hombre-de-60-anos-baleado-desde-un-auto-en-marcha-en-flora","status":"publish","type":"post","link":"https:\/\/keynews.sr\/es\/hombre-de-60-anos-baleado-desde-un-auto-en-marcha-en-flora\/","title":{"rendered":"Hombre de 60 a\u00f1os baleado desde un auto en marcha en Flora"},"content":{"rendered":"<p>El hombre de 60 a\u00f1os Iwan Sholles fue baleado el mi\u00e9rcoles por la noche desde un veh\u00edculo en movimiento en la calle Ojamastra, en Flora. Sufri\u00f3 una herida de bala en la zona abdominal y fue ingresado en el hospital.<\/p>\n<p>Seg\u00fan la polic\u00eda, se dispar\u00f3 contra la v\u00edctima con un arma de fuego de pu\u00f1o. Tras el incidente, Sholles fue dejado en el servicio de urgencias del Academisch Ziekenhuis Paramaribo.<\/p>\n<p>La identidad del tirador a\u00fan no se conoce. Tampoco est\u00e1 claro por el momento cu\u00e1l fue el motivo del tiroteo. La polic\u00eda investiga el caso.<\/p>\n","protected":false},"excerpt":{"rendered":"<p>Un hombre de 60 a\u00f1os fue baleado el mi\u00e9rcoles por la noche desde un auto en marcha en Flora y result\u00f3 herido en el abdomen. La polic\u00eda investiga el caso y busca al autor.<\/p>\n","protected":false},"author":7,"featured_media":182783,"comment_status":"closed","ping_status":"closed","sticky":false,"template":"","format":"standard","meta":{"rop_custom_images_group":[],"rop_custom_messages_group":[],"rop_publish_now":"initial","rop_publish_now_accounts":{"facebook_29234516172805655_1309923202201307":"","facebook_29234516172805655_1158244960706604":"","facebook_29234516172805655_1093738170500407":"","facebook_29234516172805655_108923581283702":""},"rop_publish_now_history":[],"rop_publish_now_status":"pending","jnews-multi-image_gallery":[],"jnews_single_post":[],"jnews_primary_category":[],"jnews_override_counter":[],"footnotes":""},"categories":[16304],"tags":[20706,20707,16305,16307,16308,16306,20705],"class_list":["post-184896","post","type-post","status-publish","format-standard","has-post-thumbnail","hentry","category-crimen-y-sucesos","tag-auto","tag-hombre","tag-key-news","tag-noticias","tag-policia","tag-surinam","tag-tiroteo"],"pp_statuses_selecting_workflow":false,"pp_workflow_action":"current","pp_status_selection":"publish","pp_force_visibility":null,"pp_subpost_visibility":null,"pp_inherited_force_visibility":null,"pp_inherited_subpost_visibility":null,"_links":{"self":[{"href":"https:\/\/keynews.sr\/es\/wp-json\/wp\/v2\/posts\/184896","targetHints":{"allow":["GET"]}}],"collection":[{"href":"https:\/\/keynews.sr\/es\/wp-json\/wp\/v2\/posts"}],"about":[{"href":"https:\/\/keynews.sr\/es\/wp-json\/wp\/v2\/types\/post"}],"author":[{"embeddable":true,"href":"https:\/\/keynews.sr\/es\/wp-json\/wp\/v2\/users\/7"}],"replies":[{"embeddable":true,"href":"https:\/\/keynews.sr\/es\/wp-json\/wp\/v2\/comments?post=184896"}],"version-history":[{"count":1,"href":"https:\/\/keynews.sr\/es\/wp-json\/wp\/v2\/posts\/184896\/revisions"}],"predecessor-version":[{"id":184921,"href":"https:\/\/keynews.sr\/es\/wp-json\/wp\/v2\/posts\/184896\/revisions\/184921"}],"wp:featuredmedia":[{"embeddable":true,"href":"https:\/\/keynews.sr\/es\/wp-json\/wp\/v2\/media\/182783"}],"wp:attachment":[{"href":"https:\/\/keynews.sr\/es\/wp-json\/wp\/v2\/media?parent=184896"}],"wp:term":[{"taxonomy":"category","embeddable":true,"href":"https:\/\/keynews.sr\/es\/wp-json\/wp\/v2\/categories?post=184896"},{"taxonomy":"post_tag","embeddable":true,"href":"https:\/\/keynews.sr\/es\/wp-json\/wp\/v2\/tags?post=184896"}],"curies":[{"name":"wp","href":"https:\/\/api.w.org\/{rel}","templated":true}]}}