{"id":184902,"date":"2026-09-03T06:45:39","date_gmt":"2026-09-03T09:45:39","guid":{"rendered":"https:\/\/keynews.sr\/?p=184902&#038;preview=true&#038;preview_id=184902"},"modified":"2026-09-03T07:13:39","modified_gmt":"2026-09-03T10:13:39","slug":"ministro-abiamofo-la-sociedad-no-responde-al-llamado-a-ahorrar-energia","status":"publish","type":"post","link":"https:\/\/keynews.sr\/es\/ministro-abiamofo-la-sociedad-no-responde-al-llamado-a-ahorrar-energia\/","title":{"rendered":"Ministro Abiamofo: \u201cLa sociedad no atiende el llamado a ahorrar energ\u00eda\u201d"},"content":{"rendered":"<div class=\"intro-text\">\n<p>\u201cHasta ahora, la poblaci\u00f3n no ha atendido nuestro llamado a ahorrar energ\u00eda\u201d, declar\u00f3 el martes en el Parlamento el ministro David Abiamofo de Natuurlijke Hulpbronnen (Recursos Naturales).<\/p>\n<\/div>\n<p><span class=\"dropcap \" style=\"background-color: #ffffff; color: #000000; border-color: #ffffff;\">E<\/span>l ministro dijo que el a\u00f1o pasado tambi\u00e9n hubo un <a href=\"https:\/\/keynews.sr\/es\/rusia-quiere-volver-a-reunirse-con-ebs-sobre-capacidad-y-crisis-energetica\/\" target=\"_blank\" rel=\"noopener\">d\u00e9ficit de energ\u00eda<\/a>. En ese momento tambi\u00e9n se anunciaron cortes programados y se hizo un llamado a la poblaci\u00f3n para ahorrar. Seg\u00fan \u00e9l, la poblaci\u00f3n s\u00ed atendi\u00f3 entonces el llamado, por lo que los cortes programados se mantuvieron limitados. \u201cPero hasta ahora no hemos notado ning\u00fan ahorro\u201d, dijo el ministro.<\/p>\n<p>La integrante de DNA Rossellie Cotino respondi\u00f3 a ello y se\u00f1al\u00f3 por qu\u00e9 la N.V. Energiebedrijven Suriname (EBS, empresa energ\u00e9tica de Surinam) no puede informar a tiempo a la poblaci\u00f3n qu\u00e9 zonas y durante cu\u00e1nto tiempo estar\u00e1n sin electricidad. De esta manera, los ciudadanos pueden tomar determinadas medidas a tiempo. \u201cSe corta el suministro el\u00e9ctrico sin aviso. Esto no puede ser\u201d, se quej\u00f3 Cotino.<\/p>\n<p>Seg\u00fan ella, en el sitio web de la <a href=\"https:\/\/nvebs.com\/\" target=\"_blank\" rel=\"noopener\">EBS<\/a> tampoco se puede ver ning\u00fan aviso sobre interrupciones el\u00e9ctricas. Lo que tambi\u00e9n le molesta es que la empresa s\u00ed informa mensualmente a los consumidores, mediante el n\u00famero de SMS, sobre la factura del mes. \u201cCuando tenemos que pagar, la EBS s\u00ed est\u00e1 a tiempo. \u00bfPor qu\u00e9 la empresa no puede entonces utilizar ese n\u00famero para compartir determinada informaci\u00f3n con los ciudadanos?\u201d, pregunt\u00f3 a la ministra.<\/p>\n","protected":false},"excerpt":{"rendered":"<p>El ministro Abiamofo informa que la sociedad no atiende los llamados a ahorrar energ\u00eda, pese a \u00e9xitos anteriores en la limitaci\u00f3n de los cortes de electricidad. Miembro de DNA critica la falta de comunicaci\u00f3n por parte de EBS.<\/p>\n","protected":false},"author":146,"featured_media":25522,"comment_status":"closed","ping_status":"closed","sticky":false,"template":"","format":"standard","meta":{"rop_custom_images_group":[],"rop_custom_messages_group":[],"rop_publish_now":"initial","rop_publish_now_accounts":{"facebook_29234516172805655_1309923202201307":"","facebook_29234516172805655_1158244960706604":"","facebook_29234516172805655_1093738170500407":"","facebook_29234516172805655_108923581283702":""},"rop_publish_now_history":[],"rop_publish_now_status":"pending","jnews-multi-image_gallery":[],"jnews_single_post":[],"jnews_primary_category":[],"jnews_override_counter":[],"footnotes":""},"categories":[16347],"tags":[20715,20565,20713,20714,20716],"class_list":["post-184902","post","type-post","status-publish","format-standard","has-post-thumbnail","hentry","category-general","tag-ahorrar-energia","tag-david-abiamofo","tag-empresas-de-energia-surinam","tag-ministerio-de-recursos-naturales","tag-sin-respuesta-de-la-comunidad"],"pp_statuses_selecting_workflow":false,"pp_workflow_action":"current","pp_status_selection":"publish","pp_force_visibility":null,"pp_subpost_visibility":null,"pp_inherited_force_visibility":null,"pp_inherited_subpost_visibility":null,"_links":{"self":[{"href":"https:\/\/keynews.sr\/es\/wp-json\/wp\/v2\/posts\/184902","targetHints":{"allow":["GET"]}}],"collection":[{"href":"https:\/\/keynews.sr\/es\/wp-json\/wp\/v2\/posts"}],"about":[{"href":"https:\/\/keynews.sr\/es\/wp-json\/wp\/v2\/types\/post"}],"author":[{"embeddable":true,"href":"https:\/\/keynews.sr\/es\/wp-json\/wp\/v2\/users\/146"}],"replies":[{"embeddable":true,"href":"https:\/\/keynews.sr\/es\/wp-json\/wp\/v2\/comments?post=184902"}],"version-history":[{"count":2,"href":"https:\/\/keynews.sr\/es\/wp-json\/wp\/v2\/posts\/184902\/revisions"}],"predecessor-version":[{"id":184933,"href":"https:\/\/keynews.sr\/es\/wp-json\/wp\/v2\/posts\/184902\/revisions\/184933"}],"wp:featuredmedia":[{"embeddable":true,"href":"https:\/\/keynews.sr\/es\/wp-json\/wp\/v2\/media\/25522"}],"wp:attachment":[{"href":"https:\/\/keynews.sr\/es\/wp-json\/wp\/v2\/media?parent=184902"}],"wp:term":[{"taxonomy":"category","embeddable":true,"href":"https:\/\/keynews.sr\/es\/wp-json\/wp\/v2\/categories?post=184902"},{"taxonomy":"post_tag","embeddable":true,"href":"https:\/\/keynews.sr\/es\/wp-json\/wp\/v2\/tags?post=184902"}],"curies":[{"name":"wp","href":"https:\/\/api.w.org\/{rel}","templated":true}]}}