{"id":186159,"date":"2026-09-03T08:08:30","date_gmt":"2026-09-03T11:08:30","guid":{"rendered":"https:\/\/keynews.sr\/?p=186159"},"modified":"2026-09-03T08:08:30","modified_gmt":"2026-09-03T11:08:30","slug":"nueva-subcomisaria-de-policia-inaugurada-en-el-centro-de-ocio-de-paramaribo","status":"publish","type":"post","link":"https:\/\/keynews.sr\/es\/nueva-subcomisaria-de-policia-inaugurada-en-el-centro-de-ocio-de-paramaribo\/","title":{"rendered":"Nueva subcomisar\u00eda de polic\u00eda inaugurada en el centro de ocio de Paramaribo"},"content":{"rendered":"<div class=\"intro-text\">\n<p>El <a href=\"https:\/\/www.facebook.com\/MinisterievanJustitieenPolitie\" target=\"_blank\" rel=\"noopener\">Ministerio<\/a> de Justicia y Seguridad puso en funcionamiento el mi\u00e9rcoles un nuevo puesto auxiliar de polic\u00eda en la Van Sommelsdijckstraat. El puesto debe garantizar una mayor vigilancia policial y un despliegue m\u00e1s r\u00e1pido en y alrededor del centro de ocio de Paramaribo.<\/p>\n<\/div>\n<p><span class=\"dropcap \" style=\"background-color: #ffffff; color: #000000; border-color: #ffffff;\">E<\/span>l puesto auxiliar se ha establecido mediante la colaboraci\u00f3n entre el ministerio, el Korps Politie Suriname (KPS, Cuerpo de Polic\u00eda de Surinam) y empresas de la zona. El ministerie van Openbare Werken en Ruimtelijke Ordening (OWRO, Ministerio de Obras P\u00fablicas y Ordenamiento Territorial) tambi\u00e9n brind\u00f3 apoyo.<\/p>\n<p>Seg\u00fan el departamento, se realiz\u00f3 una investigaci\u00f3n previa sobre las necesidades de seguridad en el centro. Con base en ello, se determinaron los lugares donde deben instalarse puestos auxiliares de polic\u00eda. Tambi\u00e9n se tuvo en cuenta la zona de seguridad designada por la presidenta Jennifer Simons.\u00a0En la zona deben establecerse varios puestos auxiliares. Con ello, el Gobierno busca aumentar la visibilidad de la polic\u00eda y reforzar la vigilancia de visitantes, empresarios y turistas.<\/p>\n<p>Sarwankoemar Kasi, representante del comandante regional, dijo durante la inauguraci\u00f3n que el nuevo puesto contribuye a una presencia m\u00e1s visible de la polic\u00eda en el centro de ocio.\u00a0El sector privado tambi\u00e9n contribuy\u00f3 al proyecto. Acar Mehd\u00e9, director de Ramada Hotel Casino, indic\u00f3 que las empresas est\u00e1n dispuestas a apoyar iniciativas que deben mejorar la seguridad en la zona.<\/p>\n<p>El ministro de Justicia y Seguridad, Harish Monorath, calific\u00f3 el <a href=\"https:\/\/keynews.sr\/politie-hulpposten-komen-terug-in-de-stad\/\" target=\"_blank\" rel=\"noopener\">puesto auxiliar<\/a> como un resultado concreto de la colaboraci\u00f3n p\u00fablico-privada. Seg\u00fan \u00e9l, la seguridad no es solo responsabilidad del Gobierno y los servicios armados, sino tambi\u00e9n de las empresas y la sociedad.<\/p>\n<p>Seg\u00fan el ministro, la mayor presencia policial debe contribuir a una zona de ocio m\u00e1s segura y reforzar la sensaci\u00f3n de seguridad de los ciudadanos y turistas.<\/p>\n","protected":false},"excerpt":{"rendered":"<p>En Paramaribo se inaugur\u00f3 una nueva subcomisar\u00eda de polic\u00eda para reforzar la seguridad y la vigilancia en el centro de ocio, gracias a la cooperaci\u00f3n entre el Gobierno y empresas locales.<\/p>\n","protected":false},"author":3,"featured_media":184810,"comment_status":"closed","ping_status":"closed","sticky":false,"template":"","format":"standard","meta":{"rop_custom_images_group":[],"rop_custom_messages_group":[],"rop_publish_now":"initial","rop_publish_now_accounts":{"facebook_29234516172805655_1309923202201307":"","facebook_29234516172805655_1158244960706604":"","facebook_29234516172805655_1093738170500407":"","facebook_29234516172805655_108923581283702":""},"rop_publish_now_history":[],"rop_publish_now_status":"pending","jnews-multi-image_gallery":[],"jnews_single_post":[],"jnews_primary_category":[],"jnews_override_counter":[],"footnotes":""},"categories":[16347],"tags":[20737,16305,16307,20738,16306],"class_list":["post-186159","post","type-post","status-publish","format-standard","has-post-thumbnail","hentry","category-general","tag-justicia-y-seguridad","tag-key-news","tag-noticias","tag-puesto-policial","tag-surinam"],"pp_statuses_selecting_workflow":false,"pp_workflow_action":"current","pp_status_selection":"publish","pp_force_visibility":null,"pp_subpost_visibility":null,"pp_inherited_force_visibility":null,"pp_inherited_subpost_visibility":null,"_links":{"self":[{"href":"https:\/\/keynews.sr\/es\/wp-json\/wp\/v2\/posts\/186159","targetHints":{"allow":["GET"]}}],"collection":[{"href":"https:\/\/keynews.sr\/es\/wp-json\/wp\/v2\/posts"}],"about":[{"href":"https:\/\/keynews.sr\/es\/wp-json\/wp\/v2\/types\/post"}],"author":[{"embeddable":true,"href":"https:\/\/keynews.sr\/es\/wp-json\/wp\/v2\/users\/3"}],"replies":[{"embeddable":true,"href":"https:\/\/keynews.sr\/es\/wp-json\/wp\/v2\/comments?post=186159"}],"version-history":[{"count":1,"href":"https:\/\/keynews.sr\/es\/wp-json\/wp\/v2\/posts\/186159\/revisions"}],"predecessor-version":[{"id":186209,"href":"https:\/\/keynews.sr\/es\/wp-json\/wp\/v2\/posts\/186159\/revisions\/186209"}],"wp:featuredmedia":[{"embeddable":true,"href":"https:\/\/keynews.sr\/es\/wp-json\/wp\/v2\/media\/184810"}],"wp:attachment":[{"href":"https:\/\/keynews.sr\/es\/wp-json\/wp\/v2\/media?parent=186159"}],"wp:term":[{"taxonomy":"category","embeddable":true,"href":"https:\/\/keynews.sr\/es\/wp-json\/wp\/v2\/categories?post=186159"},{"taxonomy":"post_tag","embeddable":true,"href":"https:\/\/keynews.sr\/es\/wp-json\/wp\/v2\/tags?post=186159"}],"curies":[{"name":"wp","href":"https:\/\/api.w.org\/{rel}","templated":true}]}}