{"id":186343,"date":"2026-09-03T20:33:55","date_gmt":"2026-09-03T23:33:55","guid":{"rendered":"https:\/\/keynews.sr\/?p=186343"},"modified":"2026-09-03T20:33:55","modified_gmt":"2026-09-03T23:33:55","slug":"suriname-pais-anfitrion-de-la-reunion-anual-del-amazon-cities-forum","status":"publish","type":"post","link":"https:\/\/keynews.sr\/es\/suriname-pais-anfitrion-de-la-reunion-anual-del-amazon-cities-forum\/","title":{"rendered":"Suriname, pa\u00eds anfitri\u00f3n de la reuni\u00f3n anual del Amazon Cities Forum"},"content":{"rendered":"<div class=\"intro-text\">\n<p>Suriname ser\u00e1 pa\u00eds anfitri\u00f3n los d\u00edas 28 y 29 de octubre de la reuni\u00f3n plenaria anual del Amazon Cities Forum. Durante el encuentro de dos d\u00edas, gobiernos locales de los ocho pa\u00edses amaz\u00f3nicos deliberar\u00e1n sobre la cooperaci\u00f3n y los desaf\u00edos en la regi\u00f3n amaz\u00f3nica.<\/p>\n<\/div>\n<p><span class=\"dropcap \" style=\"background-color: #ffffff; color: #000000; border-color: #ffffff;\">En<\/span> v\u00edsperas de la reuni\u00f3n, el lunes 31 de agosto se llev\u00f3 a cabo una consulta entre la ministra Miquella Huur de Regionale Ontwikkeling (Desarrollo Regional), representantes de diversas entidades gubernamentales y el Banco Interamericano de Desarrollo (BID).<\/p>\n<p>Durante la consulta se abordaron los preparativos de contenido, log\u00edsticos y organizativos. Una delegaci\u00f3n virtual del BID tambi\u00e9n realiz\u00f3 una presentaci\u00f3n sobre el desarrollo del Amazon Cities Forum y los planes para el pr\u00f3ximo per\u00edodo.<\/p>\n<p>El foro forma parte de la Organizaci\u00f3n del Tratado de Cooperaci\u00f3n Amaz\u00f3nica (ACTO). La alianza de cooperaci\u00f3n se centra, entre otros aspectos, en el intercambio de conocimientos, el fortalecimiento de capacidades y el desarrollo de soluciones conjuntas para los problemas en la regi\u00f3n amaz\u00f3nica.<\/p>\n<p>Paramaribo y Nickerie participan actualmente en el foro. Durante la consulta, la ministra Huur pregunt\u00f3 sobre las posibilidades de que otros distritos surinameses de la regi\u00f3n amaz\u00f3nica tambi\u00e9n participen. Seg\u00fan ella, estos distritos deben poder aprovechar de forma \u00f3ptima el programa regional.<\/p>\n<p>El director Maverick Boejoekoe indic\u00f3 que Sipaliwini tambi\u00e9n puede beneficiarse de la participaci\u00f3n. El distrito podr\u00eda intercambiar experiencias con otras zonas y dar a conocer internacionalmente sus propios desaf\u00edos.<\/p>\n<p>El programa de la reuni\u00f3n plenaria consiste en conversaciones t\u00e9cnicas y estrat\u00e9gicas, capacitaciones y actividades orientadas al fortalecimiento de capacidades.<\/p>\n<p>Para la coordinaci\u00f3n de los preparativos, Huur establecer\u00e1 un grupo de trabajo. Tambi\u00e9n se crear\u00e1 un grupo de WhatsApp para facilitar la coordinaci\u00f3n adicional entre las partes involucradas. La pr\u00f3xima consulta preparatoria est\u00e1 prevista para el 11 de septiembre.<\/p>\n","protected":false},"excerpt":{"rendered":"<p>Suriname organizar\u00e1 los d\u00edas 28 y 29 de octubre la reuni\u00f3n anual del Amazon Cities Forum, en la que gobiernos locales de ocho pa\u00edses colaboran en los desaf\u00edos de la regi\u00f3n amaz\u00f3nica.<\/p>\n","protected":false},"author":4,"featured_media":186324,"comment_status":"closed","ping_status":"closed","sticky":false,"template":"","format":"standard","meta":{"rop_custom_images_group":[],"rop_custom_messages_group":[],"rop_publish_now":"initial","rop_publish_now_accounts":{"facebook_29234516172805655_1309923202201307":"","facebook_29234516172805655_1158244960706604":"","facebook_29234516172805655_1093738170500407":"","facebook_29234516172805655_108923581283702":""},"rop_publish_now_history":[],"rop_publish_now_status":"pending","jnews-multi-image_gallery":[],"jnews_single_post":[],"jnews_primary_category":[],"jnews_override_counter":[],"footnotes":""},"categories":[16347],"tags":[20861,20860,16305,16307,16306],"class_list":["post-186343","post","type-post","status-publish","format-standard","has-post-thumbnail","hentry","category-general","tag-amazon-cities-forum","tag-desarrollo-regional","tag-key-news","tag-noticias","tag-surinam"],"pp_statuses_selecting_workflow":false,"pp_workflow_action":"current","pp_status_selection":"publish","pp_force_visibility":null,"pp_subpost_visibility":null,"pp_inherited_force_visibility":null,"pp_inherited_subpost_visibility":null,"_links":{"self":[{"href":"https:\/\/keynews.sr\/es\/wp-json\/wp\/v2\/posts\/186343","targetHints":{"allow":["GET"]}}],"collection":[{"href":"https:\/\/keynews.sr\/es\/wp-json\/wp\/v2\/posts"}],"about":[{"href":"https:\/\/keynews.sr\/es\/wp-json\/wp\/v2\/types\/post"}],"author":[{"embeddable":true,"href":"https:\/\/keynews.sr\/es\/wp-json\/wp\/v2\/users\/4"}],"replies":[{"embeddable":true,"href":"https:\/\/keynews.sr\/es\/wp-json\/wp\/v2\/comments?post=186343"}],"version-history":[{"count":1,"href":"https:\/\/keynews.sr\/es\/wp-json\/wp\/v2\/posts\/186343\/revisions"}],"predecessor-version":[{"id":186373,"href":"https:\/\/keynews.sr\/es\/wp-json\/wp\/v2\/posts\/186343\/revisions\/186373"}],"wp:featuredmedia":[{"embeddable":true,"href":"https:\/\/keynews.sr\/es\/wp-json\/wp\/v2\/media\/186324"}],"wp:attachment":[{"href":"https:\/\/keynews.sr\/es\/wp-json\/wp\/v2\/media?parent=186343"}],"wp:term":[{"taxonomy":"category","embeddable":true,"href":"https:\/\/keynews.sr\/es\/wp-json\/wp\/v2\/categories?post=186343"},{"taxonomy":"post_tag","embeddable":true,"href":"https:\/\/keynews.sr\/es\/wp-json\/wp\/v2\/tags?post=186343"}],"curies":[{"name":"wp","href":"https:\/\/api.w.org\/{rel}","templated":true}]}}