{"id":186346,"date":"2026-09-03T21:59:18","date_gmt":"2026-09-04T00:59:18","guid":{"rendered":"https:\/\/keynews.sr\/?p=186346"},"modified":"2026-09-03T21:59:18","modified_gmt":"2026-09-04T00:59:18","slug":"sospechoso-detenido-por-robo-de-iphone-en-taller-mecanico","status":"publish","type":"post","link":"https:\/\/keynews.sr\/es\/sospechoso-detenido-por-robo-de-iphone-en-taller-mecanico\/","title":{"rendered":"Sospechoso detenido por robo de iPhone en taller mec\u00e1nico"},"content":{"rendered":"<p><span class=\"dropcap \" style=\"background-color: #ffffff; color: #000000; border-color: #ffffff;\">La<\/span> polic\u00eda de Santodorp detuvo el mi\u00e9rcoles 2 de septiembre a R.K., de 30 a\u00f1os, sospechoso del robo de un iPhone 13 Pro Max de un taller de mec\u00e1nica en la Nieuw Weergevondenweg.<\/p>\n<p>El propietario denunci\u00f3 el hecho el martes 25 de agosto, despu\u00e9s de descubrir que el dispositivo hab\u00eda sido sustra\u00eddo del negocio. Tras la investigaci\u00f3n, R.K. fue identificado como sospechoso.<\/p>\n<p>Por indicaci\u00f3n del denunciante, la polic\u00eda lo localiz\u00f3 en una direcci\u00f3n de la Hiraweg. Seg\u00fan la polic\u00eda, R.K. declar\u00f3 que hab\u00eda sacado el tel\u00e9fono del taller de mec\u00e1nica y posteriormente vendi\u00f3 el dispositivo por una suma en d\u00f3lares surinameses a una tienda de tel\u00e9fonos en la Kwattaweg.<\/p>\n<p>El sospechoso fue detenido y presentado en la comisar\u00eda de Santodorp. Tras la coordinaci\u00f3n con el Openbaar Ministerie (Fiscal\u00eda), fue puesto bajo custodia preventiva a la espera de la investigaci\u00f3n posterior.<\/p>\n","protected":false},"excerpt":{"rendered":"<p>La polic\u00eda de Santodorp arrest\u00f3 a un hombre de 30 a\u00f1os por robar un iPhone 13 Pro Max de un taller mec\u00e1nico, despu\u00e9s de que el dispositivo fuera revendido a una tienda de tel\u00e9fonos.<\/p>\n","protected":false},"author":4,"featured_media":25618,"comment_status":"closed","ping_status":"closed","sticky":false,"template":"","format":"standard","meta":{"rop_custom_images_group":[],"rop_custom_messages_group":[],"rop_publish_now":"initial","rop_publish_now_accounts":{"facebook_29234516172805655_1309923202201307":"","facebook_29234516172805655_1158244960706604":"","facebook_29234516172805655_1093738170500407":"","facebook_29234516172805655_108923581283702":""},"rop_publish_now_history":[],"rop_publish_now_status":"pending","jnews-multi-image_gallery":[],"jnews_single_post":[],"jnews_primary_category":[],"jnews_override_counter":[],"footnotes":""},"categories":[16304],"tags":[20865,16305,16307,16308,20692,16306],"class_list":["post-186346","post","type-post","status-publish","format-standard","has-post-thumbnail","hentry","category-crimen-y-sucesos","tag-iphone","tag-key-news","tag-noticias","tag-policia","tag-robo-2","tag-surinam"],"pp_statuses_selecting_workflow":false,"pp_workflow_action":"current","pp_status_selection":"publish","pp_force_visibility":null,"pp_subpost_visibility":null,"pp_inherited_force_visibility":null,"pp_inherited_subpost_visibility":null,"_links":{"self":[{"href":"https:\/\/keynews.sr\/es\/wp-json\/wp\/v2\/posts\/186346","targetHints":{"allow":["GET"]}}],"collection":[{"href":"https:\/\/keynews.sr\/es\/wp-json\/wp\/v2\/posts"}],"about":[{"href":"https:\/\/keynews.sr\/es\/wp-json\/wp\/v2\/types\/post"}],"author":[{"embeddable":true,"href":"https:\/\/keynews.sr\/es\/wp-json\/wp\/v2\/users\/4"}],"replies":[{"embeddable":true,"href":"https:\/\/keynews.sr\/es\/wp-json\/wp\/v2\/comments?post=186346"}],"version-history":[{"count":1,"href":"https:\/\/keynews.sr\/es\/wp-json\/wp\/v2\/posts\/186346\/revisions"}],"predecessor-version":[{"id":186402,"href":"https:\/\/keynews.sr\/es\/wp-json\/wp\/v2\/posts\/186346\/revisions\/186402"}],"wp:featuredmedia":[{"embeddable":true,"href":"https:\/\/keynews.sr\/es\/wp-json\/wp\/v2\/media\/25618"}],"wp:attachment":[{"href":"https:\/\/keynews.sr\/es\/wp-json\/wp\/v2\/media?parent=186346"}],"wp:term":[{"taxonomy":"category","embeddable":true,"href":"https:\/\/keynews.sr\/es\/wp-json\/wp\/v2\/categories?post=186346"},{"taxonomy":"post_tag","embeddable":true,"href":"https:\/\/keynews.sr\/es\/wp-json\/wp\/v2\/tags?post=186346"}],"curies":[{"name":"wp","href":"https:\/\/api.w.org\/{rel}","templated":true}]}}