{"id":186361,"date":"2026-09-03T18:31:09","date_gmt":"2026-09-03T21:31:09","guid":{"rendered":"https:\/\/keynews.sr\/oemraw-reacciona-con-firmeza-al-previsto-despido-en-szf\/"},"modified":"2026-09-03T18:31:09","modified_gmt":"2026-09-03T21:31:09","slug":"oemraw-reacciona-con-firmeza-al-previsto-despido-en-szf","status":"publish","type":"post","link":"https:\/\/keynews.sr\/es\/oemraw-reacciona-con-firmeza-al-previsto-despido-en-szf\/","title":{"rendered":"Oemraw reacciona con firmeza al previsto despido en SZF"},"content":{"rendered":"<div class=\"intro-text\">\n<p>El destituido director de SFZ, Rudrakanth Oemraw, se opone al despido en el Staatsziekenfonds (SZF; Fondo Estatal de Seguro de Salud) anunciado por el Ministro van Volksgezondheid. As\u00ed lo afirma en una reacci\u00f3n a Key News y Tra Fas De. Seg\u00fan Oemraw, nunca se respondi\u00f3 de manera sustantiva a su defensa y todo el procedimiento ha sido desde el principio una construcci\u00f3n enga\u00f1osa.<\/p>\n<\/div>\n<p><span class=\"dropcap \" style=\"background-color: #ffffff; color: #000000; border-color: #ffffff;\">O<\/span>emraw sostiene que la suspensi\u00f3n, que supuestamente ten\u00eda como objetivo esclarecer la verdad, solo fue una cortina de humo para ejecutar un plan de despido concebido de antemano: \u00abNunca hubo una respuesta a mi defensa, ni de SZF ni del Ministro. Poco antes de mi suspensi\u00f3n, el ministro ya me hab\u00eda dejado claro que no regresar\u00eda. Puedo probarlo.\u00bb<\/p>\n<p>Adem\u00e1s, afirma que en aquel momento se utilizaron miles en divisas para lograr su salida, porque \u00e9l no era el candidato deseado por el ministro, sino por el Presidente. Oemraw anuncia que no guardar\u00e1 silencio y que pronto presentar\u00e1 pruebas contundentes: \u00abPronto destapar\u00e9 la cloaca en SZF.\u00bb<\/p>\n<p>El Ministro van Volksgezondedheid, Andre Misiekaba, anunci\u00f3 esta semana que el Raad van Ministers (Consejo de Ministros) ya ha dado autorizaci\u00f3n para seguir tramitando el despido de Oemraw. Seg\u00fan el ministro, el asunto se encuentra en una fase jur\u00eddica y se est\u00e1 trabajando junto con expertos legales en el procedimiento posterior.<\/p>\n","protected":false},"excerpt":{"rendered":"<p>Rudrakanth Oemraw se opone firmemente a su despido en el Staatsziekenfonds y promete presentar pruebas sobre una salida planificada de antemano. El caso se encuentra ahora en fase judicial.<\/p>\n","protected":false},"author":7,"featured_media":162971,"comment_status":"closed","ping_status":"closed","sticky":false,"template":"","format":"standard","meta":{"rop_custom_images_group":[],"rop_custom_messages_group":[],"rop_publish_now":"initial","rop_publish_now_accounts":{"facebook_29234516172805655_1309923202201307":"","facebook_29234516172805655_1158244960706604":"","facebook_29234516172805655_1093738170500407":"","facebook_29234516172805655_108923581283702":""},"rop_publish_now_history":[],"rop_publish_now_status":"pending","jnews-multi-image_gallery":[],"jnews_single_post":[],"jnews_primary_category":[],"jnews_override_counter":[],"footnotes":""},"categories":[18255],"tags":[20837,20874,20873,18475,19905,20838,20872,20835],"class_list":["post-186361","post","type-post","status-publish","format-standard","has-post-thumbnail","hentry","category-salud","tag-andre-misiekaba","tag-despido-de-oemraw","tag-director-de-szf-oemraw","tag-keynews","tag-keynewssuriname","tag-rudrakanth-oemraw","tag-staatsziekenfonds","tag-szf"],"pp_statuses_selecting_workflow":false,"pp_workflow_action":"current","pp_status_selection":"publish","pp_force_visibility":null,"pp_subpost_visibility":null,"pp_inherited_force_visibility":null,"pp_inherited_subpost_visibility":null,"_links":{"self":[{"href":"https:\/\/keynews.sr\/es\/wp-json\/wp\/v2\/posts\/186361","targetHints":{"allow":["GET"]}}],"collection":[{"href":"https:\/\/keynews.sr\/es\/wp-json\/wp\/v2\/posts"}],"about":[{"href":"https:\/\/keynews.sr\/es\/wp-json\/wp\/v2\/types\/post"}],"author":[{"embeddable":true,"href":"https:\/\/keynews.sr\/es\/wp-json\/wp\/v2\/users\/7"}],"replies":[{"embeddable":true,"href":"https:\/\/keynews.sr\/es\/wp-json\/wp\/v2\/comments?post=186361"}],"version-history":[{"count":0,"href":"https:\/\/keynews.sr\/es\/wp-json\/wp\/v2\/posts\/186361\/revisions"}],"wp:featuredmedia":[{"embeddable":true,"href":"https:\/\/keynews.sr\/es\/wp-json\/wp\/v2\/media\/162971"}],"wp:attachment":[{"href":"https:\/\/keynews.sr\/es\/wp-json\/wp\/v2\/media?parent=186361"}],"wp:term":[{"taxonomy":"category","embeddable":true,"href":"https:\/\/keynews.sr\/es\/wp-json\/wp\/v2\/categories?post=186361"},{"taxonomy":"post_tag","embeddable":true,"href":"https:\/\/keynews.sr\/es\/wp-json\/wp\/v2\/tags?post=186361"}],"curies":[{"name":"wp","href":"https:\/\/api.w.org\/{rel}","templated":true}]}}