{"id":186416,"date":"2026-09-04T05:28:35","date_gmt":"2026-09-04T08:28:35","guid":{"rendered":"https:\/\/keynews.sr\/?p=186416&preview=true&preview_id=186416"},"modified":"2026-09-03T20:41:35","modified_gmt":"2026-09-03T23:41:35","slug":"dna-aplaza-hasta-el-lunes-el-tratamiento-de-la-modificacion-de-la-ley-de-nacionalidad","status":"publish","type":"post","link":"https:\/\/keynews.sr\/es\/dna-aplaza-hasta-el-lunes-el-tratamiento-de-la-modificacion-de-la-ley-de-nacionalidad\/","title":{"rendered":"DNA aplaza hasta el lunes el tratamiento de la modificaci\u00f3n de la ley de nacionalidad"},"content":{"rendered":"<p>De Nationale Assembl\u00e9e (DNA, el Parlamento de Surinam) ha aplazado hasta el lunes 7 de septiembre el tratamiento sustantivo del proyecto de ley de iniciativa para modificar la Ley sobre la Nacionalidad Surinamesa y la Residencia. Los proponentes desean incorporar puntos adicionales y han anunciado que presentar\u00e1n una enmienda.<\/p>\n<p>El tratamiento estaba previsto inicialmente para el jueves 3 de septiembre a las 11.00 horas. El presidente del Parlamento, Michael Adhin, abri\u00f3 la sesi\u00f3n m\u00e1s tarde esa tarde y anunci\u00f3 que durante la reuni\u00f3n interna se hab\u00eda emitido el informe final. Con ello, qued\u00f3 formalmente despejado el camino para el tratamiento p\u00fablico.<\/p>\n<p>Sin embargo, antes del tratamiento, los proponentes presentaron al Parlamento observaciones y puntos adicionales sobre el proyecto de ley. Seg\u00fan DNA, estos requieren un estudio sustantivo m\u00e1s profundo. Los proponentes tambi\u00e9n han anunciado que presentar\u00e1n una enmienda.<\/p>\n<p>El aplazamiento da a los dem\u00e1s parlamentarios la oportunidad de estudiar la enmienda anunciada y los puntos adicionales. El tratamiento continuar\u00e1 el lunes 7 de septiembre a las 09.30 horas.<\/p>\n<p>Inicialmente, DNA deb\u00eda entrar en receso el viernes 4 de septiembre. Dado que el tratamiento del proyecto de ley debe continuar, se decidi\u00f3 aplazar el receso.<\/p>\n<p>El proyecto de iniciativa fue presentado el 19 de agosto por Ebu Jones, Steven Reyme, Jeffrey Lau y Edgar Sampie. Debe posibilitar una pol\u00edtica de nacionalidad m\u00e1s focalizada para extranjeros cuya contribuci\u00f3n se considere importante para Surinam. Se presta especial atenci\u00f3n a los deportistas profesionales.<\/p>\n<p>La comisi\u00f3n de relatores est\u00e1 integrada por Silvana Afonsoewa, quien act\u00faa como presidenta, Ameerani Jarbandhan, Ronny Asabina, Aziez Salarbaks, Dew Sharman, Dorothy Hoever y Michael Marengo.<\/p>\n","protected":false},"excerpt":{"rendered":"<p>El tratamiento de la modificaci\u00f3n de la ley de nacionalidad en De Nationale Assembl\u00e9e (el parlamento de Surinam) ha sido aplazado hasta el lunes 7 de septiembre para debatir puntos adicionales y una enmienda.<\/p>\n","protected":false},"author":4,"featured_media":186419,"comment_status":"closed","ping_status":"closed","sticky":false,"template":"","format":"standard","meta":{"rop_custom_images_group":[],"rop_custom_messages_group":[],"rop_publish_now":"initial","rop_publish_now_accounts":{"facebook_29234516172805655_1309923202201307":"","facebook_29234516172805655_1158244960706604":"","facebook_29234516172805655_1093738170500407":"","facebook_29234516172805655_108923581283702":""},"rop_publish_now_history":[],"rop_publish_now_status":"pending","jnews-multi-image_gallery":[],"jnews_single_post":[],"jnews_primary_category":[],"jnews_override_counter":[],"footnotes":""},"categories":[16347],"tags":[18388],"class_list":["post-186416","post","type-post","status-publish","format-standard","has-post-thumbnail","hentry","category-general","tag-la-asamblea-nacional"],"pp_statuses_selecting_workflow":false,"pp_workflow_action":"current","pp_status_selection":"publish","pp_force_visibility":null,"pp_subpost_visibility":null,"pp_inherited_force_visibility":null,"pp_inherited_subpost_visibility":null,"_links":{"self":[{"href":"https:\/\/keynews.sr\/es\/wp-json\/wp\/v2\/posts\/186416","targetHints":{"allow":["GET"]}}],"collection":[{"href":"https:\/\/keynews.sr\/es\/wp-json\/wp\/v2\/posts"}],"about":[{"href":"https:\/\/keynews.sr\/es\/wp-json\/wp\/v2\/types\/post"}],"author":[{"embeddable":true,"href":"https:\/\/keynews.sr\/es\/wp-json\/wp\/v2\/users\/4"}],"replies":[{"embeddable":true,"href":"https:\/\/keynews.sr\/es\/wp-json\/wp\/v2\/comments?post=186416"}],"version-history":[{"count":1,"href":"https:\/\/keynews.sr\/es\/wp-json\/wp\/v2\/posts\/186416\/revisions"}],"predecessor-version":[{"id":186436,"href":"https:\/\/keynews.sr\/es\/wp-json\/wp\/v2\/posts\/186416\/revisions\/186436"}],"wp:featuredmedia":[{"embeddable":true,"href":"https:\/\/keynews.sr\/es\/wp-json\/wp\/v2\/media\/186419"}],"wp:attachment":[{"href":"https:\/\/keynews.sr\/es\/wp-json\/wp\/v2\/media?parent=186416"}],"wp:term":[{"taxonomy":"category","embeddable":true,"href":"https:\/\/keynews.sr\/es\/wp-json\/wp\/v2\/categories?post=186416"},{"taxonomy":"post_tag","embeddable":true,"href":"https:\/\/keynews.sr\/es\/wp-json\/wp\/v2\/tags?post=186416"}],"curies":[{"name":"wp","href":"https:\/\/api.w.org\/{rel}","templated":true}]}}