{"id":186447,"date":"2026-09-04T08:27:21","date_gmt":"2026-09-04T11:27:21","guid":{"rendered":"https:\/\/keynews.sr\/propietarios-de-embarcaciones-de-albina-quieren-claridad-sobre-permisos-y-seguridad\/"},"modified":"2026-09-04T08:27:21","modified_gmt":"2026-09-04T11:27:21","slug":"propietarios-de-embarcaciones-de-albina-quieren-claridad-sobre-permisos-y-seguridad","status":"publish","type":"post","link":"https:\/\/keynews.sr\/es\/propietarios-de-embarcaciones-de-albina-quieren-claridad-sobre-permisos-y-seguridad\/","title":{"rendered":"Propietarios de embarcaciones de Albina quieren claridad sobre permisos y seguridad"},"content":{"rendered":"<div class=\"intro-text\">\n<p>Los <a href=\"https:\/\/keynews.sr\/boothouders-albina-gedupeerd-door-sluiting-grens-met-frans-guyana\/\" target=\"_blank\" rel=\"noopener\">operadores de embarcaciones<\/a> que transportan personas por el r\u00edo Marowijne entre Surinam y Guayana Francesa quieren que haya claridad sobre sus permisos. Seg\u00fan los operadores, colaboran con inspecciones, registros y otras medidas de seguridad, pero los permisos solicitados siguen sin ser otorgados.<\/p>\n<\/div>\n<p><span class=\"dropcap \" style=\"background-color: #ffffff; color: #000000; border-color: #ffffff;\">L<\/span>a cuesti\u00f3n fue abordada durante una reuni\u00f3n con el comisario distrital Marvin Vijent. Los operadores de embarcaciones fueron invitados a conversar sobre su punto de operaci\u00f3n en la ribera de Albina y sus experiencias con las normas y disposiciones de seguridad vigentes.<\/p>\n<p>Seg\u00fan los operadores, durante los \u00faltimos a\u00f1os han colaborado en diversas iniciativas para ordenar el sector y registrar las embarcaciones. Sus botes son inspeccionados peri\u00f3dicamente para garantizar la seguridad en el r\u00edo. Pese a esta colaboraci\u00f3n, las autoridades a\u00fan no habr\u00edan otorgado los permisos necesarios.<\/p>\n<p>Los operadores de embarcaciones dicen estar dispuestos a cumplir todas las condiciones. As\u00ed, quieren seguir capacitaciones para obtener certificaci\u00f3n, registrar e inspeccionar sus botes y cumplir las medidas de seguridad propuestas.<\/p>\n<p>Durante la reuni\u00f3n se acord\u00f3 que los operadores de embarcaciones se organizar\u00e1n nuevamente y nombrar\u00e1n una directiva. Posteriormente, junto con el <a href=\"https:\/\/www.facebook.com\/profile.php?id=61572786364645\" target=\"_blank\" rel=\"noopener\">ministerie<\/a> van Transport, Communicatie en Toerisme (Ministerio de Transporte, Comunicaci\u00f3n y Turismo) y la Maritieme Autoriteit Suriname (Autoridad Mar\u00edtima de Surinam), deber\u00e1 continuarse el trabajo sobre la organizaci\u00f3n y los intereses del sector.<\/p>\n<p>Tambi\u00e9n se habl\u00f3 sobre la introducci\u00f3n de uniformes y credenciales, para que los operadores de embarcaciones registrados sean reconocibles para los pasajeros. Adem\u00e1s, se consideran capacitaciones para mejorar la prestaci\u00f3n de servicios y el trato a los viajeros.<\/p>\n","protected":false},"excerpt":{"rendered":"<p>Los propietarios de embarcaciones en Albina insisten en obtener claridad sobre sus permisos, pese a su cooperaci\u00f3n con las inspecciones y medidas de seguridad para el transporte por el r\u00edo Marowijne.<\/p>\n","protected":false},"author":3,"featured_media":186311,"comment_status":"closed","ping_status":"closed","sticky":false,"template":"","format":"standard","meta":{"rop_custom_images_group":[],"rop_custom_messages_group":[],"rop_publish_now":"initial","rop_publish_now_accounts":{"facebook_29234516172805655_1309923202201307":"","facebook_29234516172805655_1158244960706604":"","facebook_29234516172805655_1093738170500407":"","facebook_29234516172805655_108923581283702":""},"rop_publish_now_history":[],"rop_publish_now_status":"pending","jnews-multi-image_gallery":[],"jnews_single_post":[],"jnews_primary_category":[],"jnews_override_counter":[],"footnotes":""},"categories":[16347],"tags":[20894,16305,16307,20895,16306],"class_list":["post-186447","post","type-post","status-publish","format-standard","has-post-thumbnail","hentry","category-general","tag-albina","tag-key-news","tag-noticias","tag-propietarios-de-embarcaciones","tag-surinam"],"pp_statuses_selecting_workflow":false,"pp_workflow_action":"current","pp_status_selection":"publish","pp_force_visibility":null,"pp_subpost_visibility":null,"pp_inherited_force_visibility":null,"pp_inherited_subpost_visibility":null,"_links":{"self":[{"href":"https:\/\/keynews.sr\/es\/wp-json\/wp\/v2\/posts\/186447","targetHints":{"allow":["GET"]}}],"collection":[{"href":"https:\/\/keynews.sr\/es\/wp-json\/wp\/v2\/posts"}],"about":[{"href":"https:\/\/keynews.sr\/es\/wp-json\/wp\/v2\/types\/post"}],"author":[{"embeddable":true,"href":"https:\/\/keynews.sr\/es\/wp-json\/wp\/v2\/users\/3"}],"replies":[{"embeddable":true,"href":"https:\/\/keynews.sr\/es\/wp-json\/wp\/v2\/comments?post=186447"}],"version-history":[{"count":0,"href":"https:\/\/keynews.sr\/es\/wp-json\/wp\/v2\/posts\/186447\/revisions"}],"wp:featuredmedia":[{"embeddable":true,"href":"https:\/\/keynews.sr\/es\/wp-json\/wp\/v2\/media\/186311"}],"wp:attachment":[{"href":"https:\/\/keynews.sr\/es\/wp-json\/wp\/v2\/media?parent=186447"}],"wp:term":[{"taxonomy":"category","embeddable":true,"href":"https:\/\/keynews.sr\/es\/wp-json\/wp\/v2\/categories?post=186447"},{"taxonomy":"post_tag","embeddable":true,"href":"https:\/\/keynews.sr\/es\/wp-json\/wp\/v2\/tags?post=186447"}],"curies":[{"name":"wp","href":"https:\/\/api.w.org\/{rel}","templated":true}]}}