{"id":186452,"date":"2026-09-04T02:34:26","date_gmt":"2026-09-04T05:34:26","guid":{"rendered":"https:\/\/keynews.sr\/el-gobierno-aun-debe-evaluar-los-puestos-de-urgencias-del-szf\/"},"modified":"2026-09-04T02:34:26","modified_gmt":"2026-09-04T05:34:26","slug":"el-gobierno-aun-debe-evaluar-los-puestos-de-urgencias-del-szf","status":"publish","type":"post","link":"https:\/\/keynews.sr\/es\/el-gobierno-aun-debe-evaluar-los-puestos-de-urgencias-del-szf\/","title":{"rendered":"El Gobierno a\u00fan debe evaluar los puestos de urgencias del SZF"},"content":{"rendered":"<div class=\"intro-text\">\n<p>El Estado a\u00fan debe evaluar los costos y los ingresos de los puestos de urgencias del <a href=\"https:\/\/www.szf.sr\/\" target=\"_blank\" rel=\"noopener\">Staatsziekenfonds<\/a> (Fondo Estatal de Seguro de Salud). As\u00ed lo declar\u00f3 el mi\u00e9rcoles el ministro de Salud, Andr\u00e9 Misiekaba, a periodistas durante el encuentro con la prensa previo al inicio de la reuni\u00f3n del consejo de ministros.<\/p>\n<\/div>\n<p><span class=\"dropcap \" style=\"background-color: #ffffff; color: #000000; border-color: #ffffff;\">E<\/span>l ministro se\u00f1ala que se acord\u00f3 realizar una evaluaci\u00f3n despu\u00e9s de un a\u00f1o para observar c\u00f3mo transcurre todo en los puestos de urgencias que fueron restablecidos. Los puestos fueron reactivados durante la administraci\u00f3n de Misiekaba, despu\u00e9s de no haber sido utilizados durante algunos a\u00f1os.<\/p>\n<p>El ministro indica que el SZF debe garantizar que todo marche bien en el \u00e1mbito financiero. Los puestos de urgencias del SZF est\u00e1n distribuidos en varios distritos de Suriname, entre ellos Paramaribo, Wanica, Nickerie, Marowijne, Saramacca, Commewijne, Coronie y Brokopondo. Misiekaba enfatiza que los puestos de urgencias son operados por una empresa que funciona como brazo operativo del SZF.<\/p>\n<p>El ministro declar\u00f3 que recientemente el consejo de ministros aprob\u00f3 el despido del exdirector Rudrakanth Oemraw. Hubo una investigaci\u00f3n interna independiente sobre su actuaci\u00f3n como <a href=\"https:\/\/keynews.sr\/es\/destituido-el-director-de-szf-oemraw\/\" target=\"_blank\" rel=\"noopener\">director<\/a>, en la que se mencionaron posibles infracciones de los estatutos del SZF y del reglamento de direcci\u00f3n. El despido recibi\u00f3 amplia atenci\u00f3n porque Oemraw ya hab\u00eda estado envuelto en pol\u00e9mica anteriormente e incluso fue apartado temporalmente de la organizaci\u00f3n en 2020\u20132021.<\/p>\n<p>El ministro de Salud afirma que se espera la recepci\u00f3n de la misiva para que el jurista pueda emitir un dictamen sobre las medidas adicionales que deben tomarse en este asunto. Se ha actuado con cautela porque anteriormente surgieron problemas jur\u00eddicos al destituir a personas. \u201dPerdemos muchos casos ante los tribunales, as\u00ed que en el futuro no queremos volver a cometer errores\u201d.<\/p>\n","protected":false},"excerpt":{"rendered":"<p>El Gobierno evaluar\u00e1 pr\u00f3ximamente el desempe\u00f1o financiero de los puestos de urgencias restablecidos del SZF, distribuidos en varios distritos de Suriname. Al mismo tiempo, se prepara jur\u00eddicamente el despido del exdirector Oemraw.<\/p>\n","protected":false},"author":146,"featured_media":16840,"comment_status":"closed","ping_status":"closed","sticky":false,"template":"","format":"standard","meta":{"rop_custom_images_group":[],"rop_custom_messages_group":[],"rop_publish_now":"initial","rop_publish_now_accounts":{"facebook_29234516172805655_1309923202201307":"","facebook_29234516172805655_1158244960706604":"","facebook_29234516172805655_1093738170500407":"","facebook_29234516172805655_108923581283702":""},"rop_publish_now_history":[],"rop_publish_now_status":"pending","jnews-multi-image_gallery":[],"jnews_single_post":[],"jnews_primary_category":[],"jnews_override_counter":[],"footnotes":""},"categories":[16274,18255],"tags":[20837,16305,20901,16307,20900,18686,16306,20835],"class_list":["post-186452","post","type-post","status-publish","format-standard","has-post-thumbnail","hentry","category-sin-categorizar","category-salud","tag-andre-misiekaba","tag-key-news","tag-ministerio-de-salud-publica-2","tag-noticias","tag-puestos-de-urgencias","tag-salud-publica","tag-surinam","tag-szf"],"pp_statuses_selecting_workflow":false,"pp_workflow_action":"current","pp_status_selection":"publish","pp_force_visibility":null,"pp_subpost_visibility":null,"pp_inherited_force_visibility":null,"pp_inherited_subpost_visibility":null,"_links":{"self":[{"href":"https:\/\/keynews.sr\/es\/wp-json\/wp\/v2\/posts\/186452","targetHints":{"allow":["GET"]}}],"collection":[{"href":"https:\/\/keynews.sr\/es\/wp-json\/wp\/v2\/posts"}],"about":[{"href":"https:\/\/keynews.sr\/es\/wp-json\/wp\/v2\/types\/post"}],"author":[{"embeddable":true,"href":"https:\/\/keynews.sr\/es\/wp-json\/wp\/v2\/users\/146"}],"replies":[{"embeddable":true,"href":"https:\/\/keynews.sr\/es\/wp-json\/wp\/v2\/comments?post=186452"}],"version-history":[{"count":0,"href":"https:\/\/keynews.sr\/es\/wp-json\/wp\/v2\/posts\/186452\/revisions"}],"wp:featuredmedia":[{"embeddable":true,"href":"https:\/\/keynews.sr\/es\/wp-json\/wp\/v2\/media\/16840"}],"wp:attachment":[{"href":"https:\/\/keynews.sr\/es\/wp-json\/wp\/v2\/media?parent=186452"}],"wp:term":[{"taxonomy":"category","embeddable":true,"href":"https:\/\/keynews.sr\/es\/wp-json\/wp\/v2\/categories?post=186452"},{"taxonomy":"post_tag","embeddable":true,"href":"https:\/\/keynews.sr\/es\/wp-json\/wp\/v2\/tags?post=186452"}],"curies":[{"name":"wp","href":"https:\/\/api.w.org\/{rel}","templated":true}]}}