{"id":186646,"date":"2026-09-05T07:14:14","date_gmt":"2026-09-05T10:14:14","guid":{"rendered":"https:\/\/keynews.sr\/nuevas-unidades-para-emprendedores-y-plan-de-residuos-deben-hacer-mas-atractiva-a-albina\/"},"modified":"2026-09-05T07:14:14","modified_gmt":"2026-09-05T10:14:14","slug":"nuevas-unidades-para-emprendedores-y-plan-de-residuos-deben-hacer-mas-atractiva-a-albina","status":"publish","type":"post","link":"https:\/\/keynews.sr\/es\/nuevas-unidades-para-emprendedores-y-plan-de-residuos-deben-hacer-mas-atractiva-a-albina\/","title":{"rendered":"Nuevas unidades para emprendedores y plan de residuos deben hacer m\u00e1s atractiva a Albina"},"content":{"rendered":"<div class=\"intro-text\">\n<p>El <a href=\"https:\/\/keynews.sr\/waterkant-albina-krijgt-herinrichtingsplan-voor-moderne-uitstraling\/\" target=\"_blank\" rel=\"noopener\">malec\u00f3n<\/a> de Albina tendr\u00e1 una nueva imagen con diez unidades para emprendedores y un sistema adaptado de recolecci\u00f3n de residuos. Los proyectos deben contribuir a un entorno m\u00e1s limpio, mejor organizado y m\u00e1s atractivo para residentes, emprendedores y turistas.<\/p>\n<\/div>\n<p><span class=\"dropcap \" style=\"background-color: #ffffff; color: #000000; border-color: #ffffff;\">L<\/span>as instalaciones en la Kaplerstraat fueron entregadas el jueves 3 de septiembre. Se concretaron mediante la cooperaci\u00f3n entre el districtscommissariaat (comisar\u00eda distrital) y el sector empresarial.<\/p>\n<p>Seg\u00fan el districtscommissaris Marvin Vyent de Marowijne-Noordoost, anteriormente la imagen de la calle estaba determinada por camiones que cargaban y descargaban mercanc\u00edas entre puestos de venta deteriorados. Con la construcci\u00f3n de diez nuevas unidades, el commissariaat busca apoyar a los emprendedores y, al mismo tiempo, organizar mejor el entorno.<\/p>\n<p>Tambi\u00e9n se abordar\u00e1 la gesti\u00f3n de residuos. Vyent afirma que la limpieza de los residuos que llegan a la orilla a trav\u00e9s del r\u00edo cuesta al <a href=\"https:\/\/www.facebook.com\/BICMarowijneNO\" target=\"_blank\" rel=\"noopener\">commissariaat<\/a> aproximadamente SRD 1 mill\u00f3n al mes. Para cubrir parte de los costos, se han introducido bolsas de basura rojas especiales.<\/p>\n<p>Las bolsas est\u00e1n disponibles desde el 1 de septiembre en tiendas de Albina. A partir del 1 de octubre, los hogares y otros usuarios deber\u00e1n entregar sus residuos en estas bolsas. Desde el 1 de noviembre, seg\u00fan el districtscommissaris, el cami\u00f3n de basura recoger\u00e1 \u00fanicamente residuos colocados en las bolsas rojas.<\/p>\n<p>Vyent explica que el Gobierno paga por la recolecci\u00f3n de residuos dom\u00e9sticos. Para la recolecci\u00f3n y el procesamiento de residuos empresariales, el commissariaat debe tomar medidas adicionales e incurrir en costos. Con la compra de las bolsas rojas, la comunidad contribuye, seg\u00fan \u00e9l, a estos gastos.<\/p>\n<p>Hace un llamado a residentes y emprendedores a asumir su responsabilidad y mantener limpio su entorno.<\/p>\n<p>La integrante de DNA, Genevi\u00e9vre Jordan, califica las obras como un importante avance para Albina. Seg\u00fan ella, durante mucho tiempo la Kaplerstraat estuvo concurrida y desorganizada. Considera que el enfoque debe ampliarse a otras partes de la localidad fronteriza.<\/p>\n<p>\u201cEs hora de que Albina tenga otra imagen y sea organizada\u201d, afirm\u00f3 Jordan. Seg\u00fan ella, se debe acabar con la imagen de una ciudad descuidada.<\/p>\n<p>El comandante regional de polic\u00eda Henry Kia de Marowijne espera que la reurbanizaci\u00f3n tambi\u00e9n pueda contribuir a la seguridad. Seg\u00fan \u00e9l, un entorno bien acondicionado y mantenido puede ayudar a combatir la delincuencia y las molestias. La nueva organizaci\u00f3n es, en sus palabras, un primer paso, que debe ir seguido de supervisi\u00f3n y aplicaci\u00f3n de la ley.<\/p>\n<p>Kia considera exagerada la imagen de Albina como un lugar particularmente inseguro. Seg\u00fan \u00e9l, s\u00ed hay delincuencia, pero la situaci\u00f3n no es tan grave como a veces se piensa en Paramaribo. Seg\u00fan el comandante de polic\u00eda, las discusiones y peleas se deben en parte a la cultura local del hossel.<\/p>\n<p>Seg\u00fan Kia, la situaci\u00f3n del tr\u00e1fico ya es menos ca\u00f3tica. Tambi\u00e9n mantiene conversaciones con taxihouders sobre nuevas medidas para organizar mejor el tr\u00e1fico en Albina.<\/p>\n","protected":false},"excerpt":{"rendered":"<p>Albina contar\u00e1 con diez nuevas unidades para emprendedores y un sistema adaptado de recolecci\u00f3n de residuos con bolsas de basura rojas, lo que deber\u00e1 garantizar un entorno m\u00e1s limpio, ordenado y seguro en la Kaplerstraat.<\/p>\n","protected":false},"author":3,"featured_media":186474,"comment_status":"closed","ping_status":"closed","sticky":false,"template":"","format":"standard","meta":{"rop_custom_images_group":[],"rop_custom_messages_group":[],"rop_publish_now":"initial","rop_publish_now_accounts":{"facebook_29234516172805655_1309923202201307":"","facebook_29234516172805655_1158244960706604":"","facebook_29234516172805655_1093738170500407":"","facebook_29234516172805655_108923581283702":""},"rop_publish_now_history":[],"rop_publish_now_status":"pending","jnews-multi-image_gallery":[],"jnews_single_post":[],"jnews_primary_category":[],"jnews_override_counter":[],"footnotes":""},"categories":[16347],"tags":[20894,20957,20956,16306,20955],"class_list":["post-186646","post","type-post","status-publish","format-standard","has-post-thumbnail","hentry","category-general","tag-albina","tag-districtscommissariaat-marowijne-noordoost","tag-recoleccion-de-residuos","tag-surinam","tag-waterkant"],"pp_statuses_selecting_workflow":false,"pp_workflow_action":"current","pp_status_selection":"publish","pp_force_visibility":null,"pp_subpost_visibility":null,"pp_inherited_force_visibility":null,"pp_inherited_subpost_visibility":null,"_links":{"self":[{"href":"https:\/\/keynews.sr\/es\/wp-json\/wp\/v2\/posts\/186646","targetHints":{"allow":["GET"]}}],"collection":[{"href":"https:\/\/keynews.sr\/es\/wp-json\/wp\/v2\/posts"}],"about":[{"href":"https:\/\/keynews.sr\/es\/wp-json\/wp\/v2\/types\/post"}],"author":[{"embeddable":true,"href":"https:\/\/keynews.sr\/es\/wp-json\/wp\/v2\/users\/3"}],"replies":[{"embeddable":true,"href":"https:\/\/keynews.sr\/es\/wp-json\/wp\/v2\/comments?post=186646"}],"version-history":[{"count":0,"href":"https:\/\/keynews.sr\/es\/wp-json\/wp\/v2\/posts\/186646\/revisions"}],"wp:featuredmedia":[{"embeddable":true,"href":"https:\/\/keynews.sr\/es\/wp-json\/wp\/v2\/media\/186474"}],"wp:attachment":[{"href":"https:\/\/keynews.sr\/es\/wp-json\/wp\/v2\/media?parent=186646"}],"wp:term":[{"taxonomy":"category","embeddable":true,"href":"https:\/\/keynews.sr\/es\/wp-json\/wp\/v2\/categories?post=186646"},{"taxonomy":"post_tag","embeddable":true,"href":"https:\/\/keynews.sr\/es\/wp-json\/wp\/v2\/tags?post=186646"}],"curies":[{"name":"wp","href":"https:\/\/api.w.org\/{rel}","templated":true}]}}