{"id":186678,"date":"2026-09-05T03:57:51","date_gmt":"2026-09-05T06:57:51","guid":{"rendered":"https:\/\/keynews.sr\/encuentran-una-caja-fuerte-vacia-y-forzada-a-lo-largo-de-reebergweg\/"},"modified":"2026-09-05T03:57:51","modified_gmt":"2026-09-05T06:57:51","slug":"encuentran-una-caja-fuerte-vacia-y-forzada-a-lo-largo-de-reebergweg","status":"publish","type":"post","link":"https:\/\/keynews.sr\/es\/encuentran-una-caja-fuerte-vacia-y-forzada-a-lo-largo-de-reebergweg\/","title":{"rendered":"Encuentran una caja fuerte vac\u00eda y forzada a lo largo de Reebergweg"},"content":{"rendered":"<div class=\"intro-text\">\n<p>Una caja fuerte encontrada el jueves 3 de septiembre durante trabajos de limpieza a lo largo de la Reebergweg, en el ressort <a href=\"https:\/\/keynews.sr\/terrein-santo-boma-niet-van-justitie-en-politie\/\" target=\"_blank\" rel=\"noopener\">Santo Boma<\/a>, result\u00f3 haber sido forzada. Seg\u00fan la polic\u00eda, la caja fuerte estaba vac\u00eda.<\/p>\n<\/div>\n<p><span class=\"dropcap \" style=\"background-color: #ffffff; color: #000000; border-color: #ffffff;\">L<\/span>a caja fuerte, con unas dimensiones estimadas de 50 por 50 cent\u00edmetros, fue descubierta por detenidos que realizaban trabajos de limpieza bajo la supervisi\u00f3n de funcionarios penitenciarios.<\/p>\n<p>Tras el hallazgo, los supervisores alertaron a la polic\u00eda de Santo Boma. Tambi\u00e9n acudieron al lugar funcionarios de la Forensische Opsporing (Investigaci\u00f3n Forense) e investigadores de Regio Midden para realizar pesquisas.<\/p>\n<p>Inicialmente, a\u00fan no estaba claro si la caja fuerte hab\u00eda sido forzada y qu\u00e9 conten\u00eda. Investigaciones posteriores revelaron que la caja fuerte hab\u00eda sido abierta por la fuerza y ya no ten\u00eda contenido.<\/p>\n<p>La <a href=\"https:\/\/politie.sr\/\" target=\"_blank\" rel=\"noopener\">polic\u00eda<\/a> investiga el origen de la caja fuerte e intenta determinar si est\u00e1 relacionada con un hecho delictivo.<\/p>\n","protected":false},"excerpt":{"rendered":"<p>A lo largo de Reebergweg fue encontrada una caja fuerte forzada y vac\u00eda durante labores de limpieza. La polic\u00eda investiga su procedencia y un posible v\u00ednculo con un hecho delictivo.<\/p>\n","protected":false},"author":56,"featured_media":43809,"comment_status":"closed","ping_status":"closed","sticky":false,"template":"","format":"standard","meta":{"rop_custom_images_group":[],"rop_custom_messages_group":[],"rop_publish_now":"initial","rop_publish_now_accounts":{"facebook_29234516172805655_1309923202201307":"","facebook_29234516172805655_1158244960706604":"","facebook_29234516172805655_1093738170500407":"","facebook_29234516172805655_108923581283702":""},"rop_publish_now_history":[],"rop_publish_now_status":"pending","jnews-multi-image_gallery":[],"jnews_single_post":[],"jnews_primary_category":[],"jnews_override_counter":[],"footnotes":""},"categories":[16304],"tags":[20999,21001,21000],"class_list":["post-186678","post","type-post","status-publish","format-standard","has-post-thumbnail","hentry","category-crimen-y-sucesos","tag-caja-fuerte","tag-labores-de-limpieza","tag-reebergweg"],"pp_statuses_selecting_workflow":false,"pp_workflow_action":"current","pp_status_selection":"publish","pp_force_visibility":null,"pp_subpost_visibility":null,"pp_inherited_force_visibility":null,"pp_inherited_subpost_visibility":null,"_links":{"self":[{"href":"https:\/\/keynews.sr\/es\/wp-json\/wp\/v2\/posts\/186678","targetHints":{"allow":["GET"]}}],"collection":[{"href":"https:\/\/keynews.sr\/es\/wp-json\/wp\/v2\/posts"}],"about":[{"href":"https:\/\/keynews.sr\/es\/wp-json\/wp\/v2\/types\/post"}],"author":[{"embeddable":true,"href":"https:\/\/keynews.sr\/es\/wp-json\/wp\/v2\/users\/56"}],"replies":[{"embeddable":true,"href":"https:\/\/keynews.sr\/es\/wp-json\/wp\/v2\/comments?post=186678"}],"version-history":[{"count":0,"href":"https:\/\/keynews.sr\/es\/wp-json\/wp\/v2\/posts\/186678\/revisions"}],"wp:featuredmedia":[{"embeddable":true,"href":"https:\/\/keynews.sr\/es\/wp-json\/wp\/v2\/media\/43809"}],"wp:attachment":[{"href":"https:\/\/keynews.sr\/es\/wp-json\/wp\/v2\/media?parent=186678"}],"wp:term":[{"taxonomy":"category","embeddable":true,"href":"https:\/\/keynews.sr\/es\/wp-json\/wp\/v2\/categories?post=186678"},{"taxonomy":"post_tag","embeddable":true,"href":"https:\/\/keynews.sr\/es\/wp-json\/wp\/v2\/tags?post=186678"}],"curies":[{"name":"wp","href":"https:\/\/api.w.org\/{rel}","templated":true}]}}