{"id":186691,"date":"2026-09-05T17:15:17","date_gmt":"2026-09-05T20:15:17","guid":{"rendered":"https:\/\/keynews.sr\/adolescente-detenido-por-difundir-imagenes-intimas-de-una-joven-de-16-anos\/"},"modified":"2026-09-05T17:15:17","modified_gmt":"2026-09-05T20:15:17","slug":"adolescente-detenido-por-difundir-imagenes-intimas-de-una-joven-de-16-anos","status":"publish","type":"post","link":"https:\/\/keynews.sr\/es\/adolescente-detenido-por-difundir-imagenes-intimas-de-una-joven-de-16-anos\/","title":{"rendered":"Adolescente detenido por difundir im\u00e1genes \u00edntimas de una joven de 16 a\u00f1os"},"content":{"rendered":"<p><span class=\"dropcap \" style=\"background-color: #ffffff; color: #000000; border-color: #ffffff;\">La <\/span>polic\u00eda de Asuntos Juveniles detuvo el mi\u00e9rcoles 2 de septiembre al joven de 17 a\u00f1os D.L., sospechoso de difamaci\u00f3n, difamaci\u00f3n por escrito y difusi\u00f3n de material pornogr\u00e1fico de una menor de edad.<\/p>\n<p>El caso sali\u00f3 a la luz despu\u00e9s de que el padre de la v\u00edctima de 16 a\u00f1os presentara una denuncia a principios de agosto ante la polic\u00eda de Houttuin. La madrastra de la joven habr\u00eda recibido im\u00e1genes \u00edntimas de ella a trav\u00e9s de un n\u00famero de tel\u00e9fono desconocido.<\/p>\n<p>Seg\u00fan la declaraci\u00f3n de la v\u00edctima, mantuvo una relaci\u00f3n con D.L. durante aproximadamente un a\u00f1o y medio. Durante una videollamada, el sospechoso presuntamente realiz\u00f3, sin su consentimiento, una grabaci\u00f3n de pantalla de im\u00e1genes \u00edntimas. Posteriormente, el material fue enviado tanto a la madrastra como a la madre biol\u00f3gica de la joven.<\/p>\n<p>Las im\u00e1genes tambi\u00e9n habr\u00edan sido compartidas en un grupo de WhatsApp del que formaban parte el sospechoso y varias otras personas.<\/p>\n<p>Tras la investigaci\u00f3n, D.L. fue citado a la comisar\u00eda de Asuntos Juveniles. Niega haber difundido el material audiovisual, pero fue detenido tras su interrogatorio.<\/p>\n<p>Tras consultar con el Openbaar Ministerie (Fiscal\u00eda), el sospechoso fue puesto bajo custodia. Debido a su minor\u00eda de edad, fue alojado en el centro de celdas para varones del Opa Doelie Doorgangscentrum.<\/p>\n<p>La polic\u00eda de Asuntos Juveniles contin\u00faa la investigaci\u00f3n.<\/p>\n","protected":false},"excerpt":{"rendered":"<p>Un joven de 17 a\u00f1os fue detenido por difundir im\u00e1genes \u00edntimas de una joven de 16 a\u00f1os sin su consentimiento. La investigaci\u00f3n contin\u00faa a cargo de la polic\u00eda de Asuntos Juveniles.<\/p>\n","protected":false},"author":56,"featured_media":25618,"comment_status":"closed","ping_status":"closed","sticky":false,"template":"","format":"standard","meta":{"rop_custom_images_group":[],"rop_custom_messages_group":[],"rop_publish_now":"initial","rop_publish_now_accounts":{"facebook_29234516172805655_1309923202201307":"","facebook_29234516172805655_1158244960706604":"","facebook_29234516172805655_1093738170500407":"","facebook_29234516172805655_108923581283702":""},"rop_publish_now_history":[],"rop_publish_now_status":"pending","jnews-multi-image_gallery":[],"jnews_single_post":[],"jnews_primary_category":[],"jnews_override_counter":[],"footnotes":""},"categories":[16304],"tags":[21021,20527,16305,16307,16308,21022,16306],"class_list":["post-186691","post","type-post","status-publish","format-standard","has-post-thumbnail","hentry","category-crimen-y-sucesos","tag-ilegal","tag-juventud","tag-key-news","tag-noticias","tag-policia","tag-porno","tag-surinam"],"pp_statuses_selecting_workflow":false,"pp_workflow_action":"current","pp_status_selection":"publish","pp_force_visibility":null,"pp_subpost_visibility":null,"pp_inherited_force_visibility":null,"pp_inherited_subpost_visibility":null,"_links":{"self":[{"href":"https:\/\/keynews.sr\/es\/wp-json\/wp\/v2\/posts\/186691","targetHints":{"allow":["GET"]}}],"collection":[{"href":"https:\/\/keynews.sr\/es\/wp-json\/wp\/v2\/posts"}],"about":[{"href":"https:\/\/keynews.sr\/es\/wp-json\/wp\/v2\/types\/post"}],"author":[{"embeddable":true,"href":"https:\/\/keynews.sr\/es\/wp-json\/wp\/v2\/users\/56"}],"replies":[{"embeddable":true,"href":"https:\/\/keynews.sr\/es\/wp-json\/wp\/v2\/comments?post=186691"}],"version-history":[{"count":0,"href":"https:\/\/keynews.sr\/es\/wp-json\/wp\/v2\/posts\/186691\/revisions"}],"wp:featuredmedia":[{"embeddable":true,"href":"https:\/\/keynews.sr\/es\/wp-json\/wp\/v2\/media\/25618"}],"wp:attachment":[{"href":"https:\/\/keynews.sr\/es\/wp-json\/wp\/v2\/media?parent=186691"}],"wp:term":[{"taxonomy":"category","embeddable":true,"href":"https:\/\/keynews.sr\/es\/wp-json\/wp\/v2\/categories?post=186691"},{"taxonomy":"post_tag","embeddable":true,"href":"https:\/\/keynews.sr\/es\/wp-json\/wp\/v2\/tags?post=186691"}],"curies":[{"name":"wp","href":"https:\/\/api.w.org\/{rel}","templated":true}]}}