{"id":186711,"date":"2026-09-05T19:12:24","date_gmt":"2026-09-05T22:12:24","guid":{"rendered":"https:\/\/keynews.sr\/conductor-detenido-con-arma-de-fuego-ilegal-tras-ignorar-senal-de-alto\/"},"modified":"2026-09-05T19:12:24","modified_gmt":"2026-09-05T22:12:24","slug":"conductor-detenido-con-arma-de-fuego-ilegal-tras-ignorar-senal-de-alto","status":"publish","type":"post","link":"https:\/\/keynews.sr\/es\/conductor-detenido-con-arma-de-fuego-ilegal-tras-ignorar-senal-de-alto\/","title":{"rendered":"Conductor detenido con arma de fuego ilegal tras ignorar se\u00f1al de alto"},"content":{"rendered":"<p><span class=\"dropcap \" style=\"background-color: #ffffff; color: #000000; border-color: #ffffff;\">La <\/span>polic\u00eda de Santodorp detuvo alrededor de las 00.51 horas a un conductor en el proyecto Sunny Point. El hombre presuntamente ignor\u00f3 una se\u00f1al de alto y posteriormente se dirigi\u00f3 con su veh\u00edculo hacia agentes de polic\u00eda.<\/p>\n<p>La polic\u00eda logr\u00f3 acorralar el veh\u00edculo sospechoso poco despu\u00e9s, tras lo cual el conductor fue detenido.<\/p>\n<p>Durante la investigaci\u00f3n se encontr\u00f3 y confisc\u00f3 un arma de fuego corta ilegal. El sospechoso fue trasladado a la comisar\u00eda para su presentaci\u00f3n y una investigaci\u00f3n adicional.<\/p>\n","protected":false},"excerpt":{"rendered":"<p>En Santodorp, un conductor fue detenido tras ignorar una se\u00f1al de alto y amenazar a agentes de polic\u00eda. Se le encontr\u00f3 un arma de fuego ilegal, que fue incautada.<\/p>\n","protected":false},"author":56,"featured_media":177577,"comment_status":"closed","ping_status":"closed","sticky":false,"template":"","format":"standard","meta":{"rop_custom_images_group":[],"rop_custom_messages_group":[],"rop_publish_now":"initial","rop_publish_now_accounts":{"facebook_29234516172805655_1309923202201307":"","facebook_29234516172805655_1158244960706604":"","facebook_29234516172805655_1093738170500407":"","facebook_29234516172805655_108923581283702":""},"rop_publish_now_history":[],"rop_publish_now_status":"pending","jnews-multi-image_gallery":[],"jnews_single_post":[],"jnews_primary_category":[],"jnews_override_counter":[],"footnotes":""},"categories":[16304],"tags":[16331,21043,16305,18588,16307,16308,16306],"class_list":["post-186711","post","type-post","status-publish","format-standard","has-post-thumbnail","hentry","category-crimen-y-sucesos","tag-control","tag-desobediencia-civil","tag-key-news","tag-kps","tag-noticias","tag-policia","tag-surinam"],"pp_statuses_selecting_workflow":false,"pp_workflow_action":"current","pp_status_selection":"publish","pp_force_visibility":null,"pp_subpost_visibility":null,"pp_inherited_force_visibility":null,"pp_inherited_subpost_visibility":null,"_links":{"self":[{"href":"https:\/\/keynews.sr\/es\/wp-json\/wp\/v2\/posts\/186711","targetHints":{"allow":["GET"]}}],"collection":[{"href":"https:\/\/keynews.sr\/es\/wp-json\/wp\/v2\/posts"}],"about":[{"href":"https:\/\/keynews.sr\/es\/wp-json\/wp\/v2\/types\/post"}],"author":[{"embeddable":true,"href":"https:\/\/keynews.sr\/es\/wp-json\/wp\/v2\/users\/56"}],"replies":[{"embeddable":true,"href":"https:\/\/keynews.sr\/es\/wp-json\/wp\/v2\/comments?post=186711"}],"version-history":[{"count":0,"href":"https:\/\/keynews.sr\/es\/wp-json\/wp\/v2\/posts\/186711\/revisions"}],"wp:featuredmedia":[{"embeddable":true,"href":"https:\/\/keynews.sr\/es\/wp-json\/wp\/v2\/media\/177577"}],"wp:attachment":[{"href":"https:\/\/keynews.sr\/es\/wp-json\/wp\/v2\/media?parent=186711"}],"wp:term":[{"taxonomy":"category","embeddable":true,"href":"https:\/\/keynews.sr\/es\/wp-json\/wp\/v2\/categories?post=186711"},{"taxonomy":"post_tag","embeddable":true,"href":"https:\/\/keynews.sr\/es\/wp-json\/wp\/v2\/tags?post=186711"}],"curies":[{"name":"wp","href":"https:\/\/api.w.org\/{rel}","templated":true}]}}