{"id":186724,"date":"2026-09-06T02:33:03","date_gmt":"2026-09-06T05:33:03","guid":{"rendered":"https:\/\/keynews.sr\/nuevo-gran-incendio-en-el-aserradero-nooitgedacht-en-duisburglaan\/"},"modified":"2026-09-06T02:33:03","modified_gmt":"2026-09-06T05:33:03","slug":"nuevo-gran-incendio-en-el-aserradero-nooitgedacht-en-duisburglaan","status":"publish","type":"post","link":"https:\/\/keynews.sr\/es\/nuevo-gran-incendio-en-el-aserradero-nooitgedacht-en-duisburglaan\/","title":{"rendered":"Nuevo gran incendio en el aserradero Nooitgedacht en Duisburglaan"},"content":{"rendered":"<div class=\"intro-text\">\n<p>Un gran incendio afect\u00f3 nuevamente el s\u00e1bado por la noche al aserradero Nooitgedacht N.V., situado en la Duisburglaan de Paramaribo. El fuego se propag\u00f3 r\u00e1pidamente. El cuerpo de bomberos acudi\u00f3 para evitar una mayor propagaci\u00f3n. A\u00fan no se conoce oficialmente nada sobre la causa y los da\u00f1os.<\/p>\n<\/div>\n<p><span class=\"dropcap\" style=\"background-color: #ffffff; color: #000000; border-color: #ffffff;\">E<\/span>l <strong>incendio en el aserradero Nooitgedacht<\/strong> se declar\u00f3 el s\u00e1bado 5 de septiembre de 2026 al anochecer en las instalaciones de la empresa en la Duisburglaan, en el ressort policial Flora. Seg\u00fan la informaci\u00f3n inicial, el fuego aument\u00f3 considerablemente de magnitud en poco tiempo, por lo que el cuerpo de bomberos fue desplegado de inmediato para controlar las llamas y evitar una mayor propagaci\u00f3n.<\/p>\n<p>En el terreno hay grandes cantidades de madera y otros materiales inflamables. Esto hace que combatir un incendio en este lugar sea especialmente dif\u00edcil. Los efectivos del Korps Brandweer Suriname (Cuerpo de Bomberos de Suriname) realizaban labores de extinci\u00f3n el s\u00e1bado por la noche, mientras a\u00fan no estaba claro cu\u00e1nto tiempo tomar\u00eda controlar completamente la situaci\u00f3n.<\/p>\n<p>Hasta el momento, no se ha dado a conocer oficialmente nada sobre la causa del <strong>incendio en el aserradero Nooitgedacht<\/strong>. Tampoco se ha determinado a\u00fan la magnitud de los da\u00f1os materiales ni si partes del terreno se han perdido por completo. En los primeros reportes tampoco se han emitido comunicados confirmados sobre personas heridas. Por ello, se espera informaci\u00f3n adicional de las autoridades competentes.<\/p>\n<h2>Incendio en el aserradero Nooitgedacht evoca recuerdos de 2023<\/h2>\n<p>No es la primera vez que Nooitgedacht es afectada por un grave incendio. Key News inform\u00f3 ampliamente el 10 de octubre de 2023 sobre un gran incendio en Nooitgedacht y el aserradero vecino De Eenheid. Tambi\u00e9n entonces el fuego se propag\u00f3 r\u00e1pidamente por el terreno de la Duisburglaan y se perdieron grandes cantidades de troncos.<\/p>\n<p>Seg\u00fan los reportes de entonces, Nooitgedacht ya no estaba activa desde hac\u00eda algunos a\u00f1os en ese momento. De acuerdo con la informaci\u00f3n inicial, el incendio comenz\u00f3 en el terreno de Nooitgedacht y posteriormente se extendi\u00f3 a De Eenheid. Kiran Banwarie, quien habl\u00f3 en nombre de la empresa familiar De Eenheid, estim\u00f3 entonces que solo all\u00ed se hab\u00edan perdido m\u00e1s de US$ 300.000 en madera. El edificio de De Eenheid pudo ser salvado por el cuerpo de bomberos. El anterior art\u00edculo de Key News puede leerse <a href=\"https:\/\/keynews.sr\/houtzagerij-nooitgedacht-en-de-eenheid-aan-de-duisburglaan-in-lichterlaai-miljoenen-srds-aan-hout-verloren\/\">aqu\u00ed<\/a>.<\/p>\n<p>La investigaci\u00f3n sobre el <strong>incendio en el aserradero Nooitgedacht<\/strong> deber\u00e1 esclarecer d\u00f3nde comenz\u00f3 exactamente el fuego, qu\u00e9 partes del terreno fueron afectadas y cu\u00e1l es la magnitud total de los da\u00f1os. La primera prioridad sigue siendo controlar por completo el incendio y evitar una mayor propagaci\u00f3n.<\/p>\n<p>&nbsp;<\/p>\n","protected":false},"excerpt":{"rendered":"<p>Un gran incendio volvi\u00f3 a afectar el s\u00e1bado por la noche al aserradero Nooitgedacht en Duisburglaan, por lo que los bomberos tuvieron que intervenir r\u00e1pidamente para evitar una mayor propagaci\u00f3n.<\/p>\n","protected":false},"author":3,"featured_media":186581,"comment_status":"closed","ping_status":"closed","sticky":false,"template":"","format":"standard","meta":{"rop_custom_images_group":[],"rop_custom_messages_group":[],"rop_publish_now":"initial","rop_publish_now_accounts":{"facebook_29234516172805655_1309923202201307":"","facebook_29234516172805655_1158244960706604":"","facebook_29234516172805655_1093738170500407":"","facebook_29234516172805655_108923581283702":""},"rop_publish_now_history":[],"rop_publish_now_status":"pending","jnews-multi-image_gallery":[],"jnews_single_post":[],"jnews_primary_category":[],"jnews_override_counter":[],"footnotes":""},"categories":[16304],"tags":[21067,20678,21064,21063,21065,18475,19905,21066],"class_list":["post-186724","post","type-post","status-publish","format-standard","has-post-thumbnail","hentry","category-crimen-y-sucesos","tag-aserradero-de-eenheid","tag-brandweer-suriname-servicio-de-bomberos-de-surinam","tag-duisburglaan","tag-flora","tag-incendio-en-el-aserradero-nooitgedacht","tag-keynews","tag-keynewssuriname","tag-nooitgedacht-nv"],"pp_statuses_selecting_workflow":false,"pp_workflow_action":"current","pp_status_selection":"publish","pp_force_visibility":null,"pp_subpost_visibility":null,"pp_inherited_force_visibility":null,"pp_inherited_subpost_visibility":null,"_links":{"self":[{"href":"https:\/\/keynews.sr\/es\/wp-json\/wp\/v2\/posts\/186724","targetHints":{"allow":["GET"]}}],"collection":[{"href":"https:\/\/keynews.sr\/es\/wp-json\/wp\/v2\/posts"}],"about":[{"href":"https:\/\/keynews.sr\/es\/wp-json\/wp\/v2\/types\/post"}],"author":[{"embeddable":true,"href":"https:\/\/keynews.sr\/es\/wp-json\/wp\/v2\/users\/3"}],"replies":[{"embeddable":true,"href":"https:\/\/keynews.sr\/es\/wp-json\/wp\/v2\/comments?post=186724"}],"version-history":[{"count":0,"href":"https:\/\/keynews.sr\/es\/wp-json\/wp\/v2\/posts\/186724\/revisions"}],"wp:featuredmedia":[{"embeddable":true,"href":"https:\/\/keynews.sr\/es\/wp-json\/wp\/v2\/media\/186581"}],"wp:attachment":[{"href":"https:\/\/keynews.sr\/es\/wp-json\/wp\/v2\/media?parent=186724"}],"wp:term":[{"taxonomy":"category","embeddable":true,"href":"https:\/\/keynews.sr\/es\/wp-json\/wp\/v2\/categories?post=186724"},{"taxonomy":"post_tag","embeddable":true,"href":"https:\/\/keynews.sr\/es\/wp-json\/wp\/v2\/tags?post=186724"}],"curies":[{"name":"wp","href":"https:\/\/api.w.org\/{rel}","templated":true}]}}