{"id":186727,"date":"2026-09-06T04:13:50","date_gmt":"2026-09-06T07:13:50","guid":{"rendered":"https:\/\/keynews.sr\/canawaima-vuelve-a-navegar-temporalmente-problemas-de-seguridad-aun-no-completamente-resueltos\/"},"modified":"2026-09-06T04:13:50","modified_gmt":"2026-09-06T07:13:50","slug":"canawaima-vuelve-a-navegar-temporalmente-problemas-de-seguridad-aun-no-completamente-resueltos","status":"publish","type":"post","link":"https:\/\/keynews.sr\/es\/canawaima-vuelve-a-navegar-temporalmente-problemas-de-seguridad-aun-no-completamente-resueltos\/","title":{"rendered":"Canawaima vuelve a navegar temporalmente, problemas de seguridad a\u00fan no completamente resueltos"},"content":{"rendered":"<div class=\"intro-text\">\n<p>El M.V. Canawaima ha reanudado el servicio de ferry entre Surinam y Guyana, despu\u00e9s de que se abordaran varios problemas de seguridad. Por el momento, el barco puede navegar hasta el 28 de septiembre, pero a\u00fan debe someterse a varias modificaciones t\u00e9cnicas. Ante nuevas deficiencias, la Maritieme Autoriteit Suriname (MAS, Autoridad Mar\u00edtima de Surinam) puede imponer nuevamente una prohibici\u00f3n de navegaci\u00f3n.<\/p>\n<\/div>\n<p><span class=\"dropcap \" style=\"background-color: #ffffff; color: #000000; border-color: #ffffff;\">La<\/span> MAS retir\u00f3 temporalmente el ferry del servicio el 22 de agosto, luego de que las inspecciones determinaran que varias instalaciones de seguridad y sistemas t\u00e9cnicos no cumpl\u00edan con los requisitos. La conexi\u00f3n se reanud\u00f3 el viernes 28 de agosto.<\/p>\n<p>Seg\u00fan el asesor presidencial para asuntos de aviaci\u00f3n y mar\u00edtimos, Faizel Baarn, la presidenta Jennifer Simons dio la orden de priorizar la seguridad de los pasajeros y las mercanc\u00edas. La Canawaima Management Company trabaja junto con el Kabinet van de President y el ministerio de Transport, Communicatie en Toerisme en los puntos de mejora restantes.<\/p>\n<p>Las inspecciones mostraron, entre otras cosas, que los sistemas de seguridad contra incendios, evacuaci\u00f3n r\u00e1pida y radar no cumpl\u00edan plenamente con los requisitos. Tampoco se hab\u00eda realizado por completo el mantenimiento de los motores. Adem\u00e1s, a\u00fan deben repararse las fugas en los sistemas hidr\u00e1ulicos.<\/p>\n<p>El presidente-comisario Naraindeth Seopershad afirma que ya se han solicitado cotizaciones y se est\u00e1n buscando empresas privadas para realizar los trabajos. Seg\u00fan \u00e9l, la MAS podr\u00e1 decidir en una pr\u00f3xima inspecci\u00f3n si el barco puede seguir operando.<\/p>\n<p>Baarn califica de preocupantes la situaci\u00f3n t\u00e9cnica y la gesti\u00f3n del ferry. Seg\u00fan un inspector independiente, el Canawaima todav\u00eda puede utilizarse t\u00e9cnicamente hasta 2027. Sin embargo, desde el punto de vista econ\u00f3mico, la embarcaci\u00f3n ya habr\u00eda alcanzado el final de su vida \u00fatil.<\/p>\n<p>Por ello, el Gobierno y la direcci\u00f3n del servicio de ferry consideran que ya debe buscarse un barco de reemplazo. Tambi\u00e9n se est\u00e1 investigando si en el futuro pueden utilizarse dos ferris en la ruta. Debido a los esperados desarrollos de petr\u00f3leo y gas, se prev\u00e9 que aumente el tr\u00e1fico de personas y mercanc\u00edas entre Surinam y Guyana.<\/p>\n<p>Seg\u00fan Seopershad, el Canawaima entr\u00f3 por \u00faltima vez en dique seco para un mantenimiento mayor en 2021. Un siguiente mantenimiento estaba previsto para 2023, pero no se realiz\u00f3. El actual consejo de comisarios habr\u00eda recibido apenas recientemente los informes anteriores al respecto.<\/p>\n<p>Adem\u00e1s de las inversiones en una nueva embarcaci\u00f3n, seg\u00fan Seopershad tambi\u00e9n es necesaria una reestructuraci\u00f3n de la Canawaima Management Company. Por el momento, los viajeros pueden utilizar normalmente el servicio de ferry. Si la MAS toma otra decisi\u00f3n, se informar\u00e1 a la sociedad al respecto.<\/p>\n","protected":false},"excerpt":{"rendered":"<p>El M.V. Canawaima vuelve a navegar entre Suriname y Guyana, pero los problemas de seguridad, como la seguridad contra incendios y las fugas hidr\u00e1ulicas, a\u00fan no se han resuelto por completo. El permiso de navegaci\u00f3n es v\u00e1lido provisionalmente hasta finales de septiembre.<\/p>\n","protected":false},"author":4,"featured_media":186261,"comment_status":"closed","ping_status":"closed","sticky":false,"template":"","format":"standard","meta":{"rop_custom_images_group":[],"rop_custom_messages_group":[],"rop_publish_now":"initial","rop_publish_now_accounts":{"facebook_29234516172805655_1309923202201307":"","facebook_29234516172805655_1158244960706604":"","facebook_29234516172805655_1093738170500407":"","facebook_29234516172805655_108923581283702":""},"rop_publish_now_history":[],"rop_publish_now_status":"pending","jnews-multi-image_gallery":[],"jnews_single_post":[],"jnews_primary_category":[],"jnews_override_counter":[],"footnotes":""},"categories":[16347],"tags":[19904,16401,16305,16307,18318,21074,20235,16306],"class_list":["post-186727","post","type-post","status-publish","format-standard","has-post-thumbnail","hentry","category-general","tag-canawaima","tag-guyana","tag-key-news","tag-noticias","tag-politica","tag-sector-maritimo","tag-seguridad","tag-surinam"],"pp_statuses_selecting_workflow":false,"pp_workflow_action":"current","pp_status_selection":"publish","pp_force_visibility":null,"pp_subpost_visibility":null,"pp_inherited_force_visibility":null,"pp_inherited_subpost_visibility":null,"_links":{"self":[{"href":"https:\/\/keynews.sr\/es\/wp-json\/wp\/v2\/posts\/186727","targetHints":{"allow":["GET"]}}],"collection":[{"href":"https:\/\/keynews.sr\/es\/wp-json\/wp\/v2\/posts"}],"about":[{"href":"https:\/\/keynews.sr\/es\/wp-json\/wp\/v2\/types\/post"}],"author":[{"embeddable":true,"href":"https:\/\/keynews.sr\/es\/wp-json\/wp\/v2\/users\/4"}],"replies":[{"embeddable":true,"href":"https:\/\/keynews.sr\/es\/wp-json\/wp\/v2\/comments?post=186727"}],"version-history":[{"count":0,"href":"https:\/\/keynews.sr\/es\/wp-json\/wp\/v2\/posts\/186727\/revisions"}],"wp:featuredmedia":[{"embeddable":true,"href":"https:\/\/keynews.sr\/es\/wp-json\/wp\/v2\/media\/186261"}],"wp:attachment":[{"href":"https:\/\/keynews.sr\/es\/wp-json\/wp\/v2\/media?parent=186727"}],"wp:term":[{"taxonomy":"category","embeddable":true,"href":"https:\/\/keynews.sr\/es\/wp-json\/wp\/v2\/categories?post=186727"},{"taxonomy":"post_tag","embeddable":true,"href":"https:\/\/keynews.sr\/es\/wp-json\/wp\/v2\/tags?post=186727"}],"curies":[{"name":"wp","href":"https:\/\/api.w.org\/{rel}","templated":true}]}}