{"id":186730,"date":"2026-09-06T05:26:12","date_gmt":"2026-09-06T08:26:12","guid":{"rendered":"https:\/\/keynews.sr\/directora-y-rvc-de-tas-deben-volver-a-colaborar-pese-al-conflicto-en-curso\/"},"modified":"2026-09-06T05:26:12","modified_gmt":"2026-09-06T08:26:12","slug":"directora-y-rvc-de-tas-deben-volver-a-colaborar-pese-al-conflicto-en-curso","status":"publish","type":"post","link":"https:\/\/keynews.sr\/es\/directora-y-rvc-de-tas-deben-volver-a-colaborar-pese-al-conflicto-en-curso\/","title":{"rendered":"Directora y RvC de TAS deben volver a colaborar pese al conflicto en curso"},"content":{"rendered":"<div class=\"intro-text\">\n<p>Wendy Jap A Joe sigue siendo directora de la Telecommunicatie Autoriteit Suriname. El ministro Raymond Landveld ha dejado claro que la suspensi\u00f3n o el despido no est\u00e1n en discusi\u00f3n. Con ello, la crisis administrativa dentro del organismo regulador de telecomunicaciones contin\u00faa, mientras est\u00e1n en curso una investigaci\u00f3n y un proceso judicial.<\/p>\n<\/div>\n<p><span class=\"dropcap\" style=\"background-color: #ffffff; color: #000000; border-color: #ffffff;\">L<\/span>a directora de TAS, Wendy Jap A Joe, contin\u00faa ejerciendo sus funciones despu\u00e9s de que el Gobierno decidiera no atender la solicitud de suspensi\u00f3n. El ministro Raymond Landveld de Transporte, Comunicaci\u00f3n y Turismo afirma que tanto la direcci\u00f3n como el Raad van Commissarissen (Consejo de Comisarios) deben continuar con sus labores. \u00abTendr\u00e1n que trabajar juntos\u00bb, afirma el ministro de forma resuelta.<\/p>\n<p>La decisi\u00f3n no significa que las acusaciones mutuas hayan desaparecido. El Gobierno opta por esperar los resultados de las investigaciones y procedimientos judiciales en curso.<\/p>\n<p>El Consejo de Ministros rechaz\u00f3 a finales de agosto la solicitud de suspender a Jap A Joe. El RvC hab\u00eda insistido anteriormente en medidas contra la directora y en una investigaci\u00f3n independiente sobre la gesti\u00f3n financiera de TAS. Se plantearon interrogantes sobre la rendici\u00f3n de cuentas financiera, los estados financieros anuales, el suministro de informaci\u00f3n y la ejecuci\u00f3n de decisiones. Landveld hab\u00eda indicado anteriormente en los medios que quiere esperar los resultados de la investigaci\u00f3n antes de considerar nuevas medidas.<\/p>\n<p>Landveld sostiene que la continuidad de TAS debe ser prioritaria. La autoridad desempe\u00f1a un papel central en la supervisi\u00f3n del sector surinam\u00e9s de telecomunicaciones. Seg\u00fan la <a href=\"https:\/\/www.tas.sr\/veelgestelde-vragen\/\" target=\"_blank\" rel=\"noopener\">informaci\u00f3n oficial de TAS<\/a>, la organizaci\u00f3n funciona como un \u00f3rgano independiente, asesora al ministro e informa sobre la gesti\u00f3n financiera y la pol\u00edtica aplicada.<\/p>\n<h2>El conflicto en torno a la directora de TAS, Wendy Jap A Joe, se prolonga desde hace meses<\/h2>\n<p>Un antecedente de la situaci\u00f3n actual fue un conflicto entre el RVC y la direcci\u00f3n a principios de este a\u00f1o. En febrero ya salieron a la luz tensiones entre Jap A Joe y el entonces presidente comisario Donaghy Malone. La disputa giraba, entre otras cosas, en torno a los costos de un viaje oficial al extranjero cancelado y pagos por el uso de una sala de reuniones. <a href=\"https:\/\/keynews.sr\/malone-priverekening-was-nooit-eindbestemming-tas-wil-openstaande-posten-afronden-voor-jaarafsluiting-2025\/\">Key News inform\u00f3 entonces ampliamente<\/a> sobre el asunto. Malone afirm\u00f3 que, seg\u00fan \u00e9l, una cuenta privada mencionada en documentos nunca fue el destino final de los ingresos por alquiler.<\/p>\n<p>En mayo hubo una nueva direcci\u00f3n en el organismo supervisor. Emanuel Scheek fue nombrado el 11 de mayo por el ministro Landveld como presidente comisario de TAS, tal como tambi\u00e9n fue anunciado por el <a href=\"https:\/\/gov.sr\/emanuel-scheek-nieuwe-president-commissaris-tas\/\" target=\"_blank\" rel=\"noopener\">Gobierno surinam\u00e9s<\/a>. Un mes despu\u00e9s, la relaci\u00f3n entre el nuevo RvC y la direcci\u00f3n se deterior\u00f3 a\u00fan m\u00e1s. El consejo solicit\u00f3 una investigaci\u00f3n sobre el desempe\u00f1o de Jap A Joe y quiso que se iniciara el procedimiento legal para su suspensi\u00f3n o despido.<\/p>\n<h2>La evaluaci\u00f3n r\u00e1pida provoca un nuevo choque dentro de TAS<\/h2>\n<p>Un importante punto de disputa fue una evaluaci\u00f3n r\u00e1pida operativa prevista. Seg\u00fan <a href=\"https:\/\/www.srherald.com\/suriname\/2026\/06\/17\/tas-directeur-vraagt-onderzoek-naar-mogelijke-belangenverstrengeling-binnen-rvc\/\" target=\"_blank\" rel=\"noopener\">Suriname Herald<\/a>, la direcci\u00f3n plante\u00f3 preguntas sobre la elecci\u00f3n de Schmidt Finance, Accounting &amp; Advisory Services. Jap A Joe quiso saber, entre otras cosas, c\u00f3mo fue seleccionada la firma y sobre qu\u00e9 base jur\u00eddica y bajo qu\u00e9 condiciones se realizar\u00eda la investigaci\u00f3n.<\/p>\n<p>Posteriormente, la directora se\u00f1al\u00f3 relaciones que, seg\u00fan ella, pod\u00edan generar la <strong>apariencia de conflicto de intereses<\/strong>. Por ello, pidi\u00f3 a la presidenta Jennifer Simons una investigaci\u00f3n sobre la independencia de las personas involucradas en la supervisi\u00f3n. Seg\u00fan la informaci\u00f3n publicada, Jap A Joe destac\u00f3 que con ello no afirmaba que se hubiera probado un conflicto de intereses real. Por su parte, el RvC sostuvo que la investigaci\u00f3n era necesaria para obtener claridad sobre la administraci\u00f3n, las finanzas y el suministro de informaci\u00f3n.<\/p>\n<blockquote class=\"pullquote align-center\"><p>La suspensi\u00f3n est\u00e1 descartada, pero la ruptura de confianza dentro de TAS a\u00fan no se ha resuelto.<\/p><\/blockquote>\n<h2>La investigaci\u00f3n de CLAD debe aportar claridad<\/h2>\n<p>El Ministerio de TCT ya ha solicitado por escrito al Ministerio de Finanzas y Planificaci\u00f3n que involucre a la Centrale Landsaccountantsdienst en el asunto. Landveld ha confirmado que la <strong>investigaci\u00f3n de CLAD<\/strong> ha comenzado. Seg\u00fan \u00e9l, los hallazgos deben aclarar en qu\u00e9 medida las acusaciones formuladas dentro de TAS se basan en hechos y si son necesarias nuevas medidas.<\/p>\n<p>Adem\u00e1s de la investigaci\u00f3n de CLAD, puede contratarse a otra firma de auditor\u00eda para la evaluaci\u00f3n r\u00e1pida por separado. Con ello, el Gobierno quiere evitar que la discusi\u00f3n sobre posibles relaciones comerciales o personales con la firma mencionada anteriormente siga eclipsando la propia investigaci\u00f3n. Landveld considera que, mientras tanto, la direcci\u00f3n y el RvC deben retomar sus labores regulares y no deben permitir que sus disputas mutuas perjudiquen a la organizaci\u00f3n.<\/p>\n<h2>Demanda judicial entre directora y comisarios aumenta la presi\u00f3n<\/h2>\n<p>La crisis administrativa tambi\u00e9n ha llegado ya a los tribunales. Jap A Joe ha demandado en un procedimiento sumario a seis miembros del RvC. Entre otras cosas, solicita una rectificaci\u00f3n y sostiene que las declaraciones sobre su desempe\u00f1o han perjudicado su honor, buen nombre y reputaci\u00f3n profesional. Seg\u00fan un <a href=\"https:\/\/www.surinamenieuwscentrale.com\/rvc-leden-tas-vragen-rechter-vorderingen-directeur-jap-joe-af-te-wijzen\" target=\"_blank\" rel=\"noopener\">informe sobre el proceso judicial<\/a>, se trata del presidente comisario Emanuel Scheek y los comisarios Joan Nibte, Steven Rodriguez, Jon Feryann Martodikromo, Rhenius Revales y Orpheo La Main.<\/p>\n<p>Los comisarios han pedido al juez que rechace las reclamaciones. Sostienen que sus declaraciones y solicitudes de informaci\u00f3n se derivan de su funci\u00f3n de supervisi\u00f3n y que la disputa gira esencialmente en torno a la <strong>gobernanza, la rendici\u00f3n de cuentas financiera y el suministro de informaci\u00f3n<\/strong>. Seg\u00fan el RvC, debe ser posible formular preguntas cr\u00edticas a una directora sin que esto sea visto autom\u00e1ticamente como un perjuicio a su buen nombre.<\/p>\n<h2>La colaboraci\u00f3n dentro de TAS sigue siendo necesaria<\/h2>\n<p>Para Landveld es un hecho que la lucha interna no debe paralizar el funcionamiento de TAS. Seg\u00fan \u00e9l, esto es especialmente importante porque tambi\u00e9n se debe continuar trabajando en la Ley de Comunicaci\u00f3n Electr\u00f3nica. El Gobierno quiere modernizar el marco legal para el sector, mientras TAS debe seguir supervisando a las empresas de telecomunicaciones y los desarrollos tecnol\u00f3gicos. Durante la toma de posesi\u00f3n de Scheek, Landveld ya hab\u00eda destacado que TAS debe realizar una contribuci\u00f3n importante a la nueva legislaci\u00f3n y normativa para el sector.<\/p>\n","protected":false},"excerpt":{"rendered":"<p>La directora Wendy Jap A Joe permanece en TAS pese a la crisis administrativa y el proceso judicial en curso. El ministro Landveld subraya que la direcci\u00f3n y la RvC deben colaborar y que la supervisi\u00f3n del sector de las telecomunicaciones debe continuar.<\/p>\n","protected":false},"author":4,"featured_media":169185,"comment_status":"closed","ping_status":"closed","sticky":false,"template":"","format":"standard","meta":{"rop_custom_images_group":[],"rop_custom_messages_group":[],"rop_publish_now":"initial","rop_publish_now_accounts":{"facebook_29234516172805655_1309923202201307":"","facebook_29234516172805655_1158244960706604":"","facebook_29234516172805655_1093738170500407":"","facebook_29234516172805655_108923581283702":""},"rop_publish_now_history":[],"rop_publish_now_status":"pending","jnews-multi-image_gallery":[],"jnews_single_post":[],"jnews_primary_category":[],"jnews_override_counter":[],"footnotes":""},"categories":[16347],"tags":[21082,21086,18475,19905,21083,21085,20194,21087,21084],"class_list":["post-186730","post","type-post","status-publish","format-standard","has-post-thumbnail","hentry","category-general","tag-clad","tag-emanuel-scheek","tag-keynews","tag-keynewssuriname","tag-raad-van-commissarissen","tag-raymond-landveld","tag-tas","tag-telecomunicaciones-suriname","tag-wendy-jap-a-joe"],"pp_statuses_selecting_workflow":false,"pp_workflow_action":"current","pp_status_selection":"publish","pp_force_visibility":null,"pp_subpost_visibility":null,"pp_inherited_force_visibility":null,"pp_inherited_subpost_visibility":null,"_links":{"self":[{"href":"https:\/\/keynews.sr\/es\/wp-json\/wp\/v2\/posts\/186730","targetHints":{"allow":["GET"]}}],"collection":[{"href":"https:\/\/keynews.sr\/es\/wp-json\/wp\/v2\/posts"}],"about":[{"href":"https:\/\/keynews.sr\/es\/wp-json\/wp\/v2\/types\/post"}],"author":[{"embeddable":true,"href":"https:\/\/keynews.sr\/es\/wp-json\/wp\/v2\/users\/4"}],"replies":[{"embeddable":true,"href":"https:\/\/keynews.sr\/es\/wp-json\/wp\/v2\/comments?post=186730"}],"version-history":[{"count":0,"href":"https:\/\/keynews.sr\/es\/wp-json\/wp\/v2\/posts\/186730\/revisions"}],"wp:featuredmedia":[{"embeddable":true,"href":"https:\/\/keynews.sr\/es\/wp-json\/wp\/v2\/media\/169185"}],"wp:attachment":[{"href":"https:\/\/keynews.sr\/es\/wp-json\/wp\/v2\/media?parent=186730"}],"wp:term":[{"taxonomy":"category","embeddable":true,"href":"https:\/\/keynews.sr\/es\/wp-json\/wp\/v2\/categories?post=186730"},{"taxonomy":"post_tag","embeddable":true,"href":"https:\/\/keynews.sr\/es\/wp-json\/wp\/v2\/tags?post=186730"}],"curies":[{"name":"wp","href":"https:\/\/api.w.org\/{rel}","templated":true}]}}