{"id":186736,"date":"2026-09-06T07:10:18","date_gmt":"2026-09-06T10:10:18","guid":{"rendered":"https:\/\/keynews.sr\/hombre-detenido-tras-incidente-de-disparos-en-la-interseccion-de-las-calles-carolina-y-theodorus\/"},"modified":"2026-09-06T07:10:18","modified_gmt":"2026-09-06T10:10:18","slug":"hombre-detenido-tras-incidente-de-disparos-en-la-interseccion-de-las-calles-carolina-y-theodorus","status":"publish","type":"post","link":"https:\/\/keynews.sr\/es\/hombre-detenido-tras-incidente-de-disparos-en-la-interseccion-de-las-calles-carolina-y-theodorus\/","title":{"rendered":"Hombre detenido tras incidente de disparos en la intersecci\u00f3n de las calles Carolina y Theodorus"},"content":{"rendered":"<p><span class=\"dropcap \" style=\"background-color: #ffffff; color: #000000; border-color: #ffffff;\">U<\/span>n hombre fue detenido despu\u00e9s de que presuntamente efectuara disparos desde una vivienda alrededor de la 01.01 horas en la intersecci\u00f3n de las calles Carolina y Theodorus. Nadie result\u00f3 herido en el incidente.<\/p>\n<p>Seg\u00fan la informaci\u00f3n inicial, los disparos fueron efectuados en direcci\u00f3n a un usuario de bicicleta el\u00e9ctrica y a un taxi. El usuario de la bicicleta el\u00e9ctrica sali\u00f3 ileso. En el veh\u00edculo del taxista se encontr\u00f3 un impacto de bala en la puerta trasera derecha.<\/p>\n<p>El presunto tirador fue detenido. Seg\u00fan la polic\u00eda, se encontraba bajo los efectos de alguna sustancia. Durante la detenci\u00f3n no se encontr\u00f3 ning\u00fan arma de fuego.<\/p>\n<p>La polic\u00eda investiga las circunstancias del incidente de disparos y el paradero del arma de fuego utilizada.<\/p>\n","protected":false},"excerpt":{"rendered":"<p>Un hombre fue detenido tras efectuar disparos en la intersecci\u00f3n de las calles Carolina y Theodorus; nadie result\u00f3 herido, pero un minib\u00fas taxi recibi\u00f3 un impacto de bala. La polic\u00eda contin\u00faa investigando.<\/p>\n","protected":false},"author":56,"featured_media":16181,"comment_status":"closed","ping_status":"closed","sticky":false,"template":"","format":"standard","meta":{"rop_custom_images_group":[],"rop_custom_messages_group":[],"rop_publish_now":"initial","rop_publish_now_accounts":{"facebook_29234516172805655_1309923202201307":"","facebook_29234516172805655_1158244960706604":"","facebook_29234516172805655_1093738170500407":"","facebook_29234516172805655_108923581283702":""},"rop_publish_now_history":[],"rop_publish_now_status":"pending","jnews-multi-image_gallery":[],"jnews_single_post":[],"jnews_primary_category":[],"jnews_override_counter":[],"footnotes":""},"categories":[16304],"tags":[21096,21097,16305,16307,16308,16306],"class_list":["post-186736","post","type-post","status-publish","format-standard","has-post-thumbnail","hentry","category-crimen-y-sucesos","tag-arma","tag-disparos","tag-key-news","tag-noticias","tag-policia","tag-surinam"],"pp_statuses_selecting_workflow":false,"pp_workflow_action":"current","pp_status_selection":"publish","pp_force_visibility":null,"pp_subpost_visibility":null,"pp_inherited_force_visibility":null,"pp_inherited_subpost_visibility":null,"_links":{"self":[{"href":"https:\/\/keynews.sr\/es\/wp-json\/wp\/v2\/posts\/186736","targetHints":{"allow":["GET"]}}],"collection":[{"href":"https:\/\/keynews.sr\/es\/wp-json\/wp\/v2\/posts"}],"about":[{"href":"https:\/\/keynews.sr\/es\/wp-json\/wp\/v2\/types\/post"}],"author":[{"embeddable":true,"href":"https:\/\/keynews.sr\/es\/wp-json\/wp\/v2\/users\/56"}],"replies":[{"embeddable":true,"href":"https:\/\/keynews.sr\/es\/wp-json\/wp\/v2\/comments?post=186736"}],"version-history":[{"count":0,"href":"https:\/\/keynews.sr\/es\/wp-json\/wp\/v2\/posts\/186736\/revisions"}],"wp:featuredmedia":[{"embeddable":true,"href":"https:\/\/keynews.sr\/es\/wp-json\/wp\/v2\/media\/16181"}],"wp:attachment":[{"href":"https:\/\/keynews.sr\/es\/wp-json\/wp\/v2\/media?parent=186736"}],"wp:term":[{"taxonomy":"category","embeddable":true,"href":"https:\/\/keynews.sr\/es\/wp-json\/wp\/v2\/categories?post=186736"},{"taxonomy":"post_tag","embeddable":true,"href":"https:\/\/keynews.sr\/es\/wp-json\/wp\/v2\/tags?post=186736"}],"curies":[{"name":"wp","href":"https:\/\/api.w.org\/{rel}","templated":true}]}}