{"id":186741,"date":"2026-09-06T08:45:56","date_gmt":"2026-09-06T11:45:56","guid":{"rendered":"https:\/\/keynews.sr\/exposicion-colectiva-en-readytex-destaca-historia-y-futuro-compartidos\/"},"modified":"2026-09-06T08:45:56","modified_gmt":"2026-09-06T11:45:56","slug":"exposicion-colectiva-en-readytex-destaca-historia-y-futuro-compartidos","status":"publish","type":"post","link":"https:\/\/keynews.sr\/es\/exposicion-colectiva-en-readytex-destaca-historia-y-futuro-compartidos\/","title":{"rendered":"Exposici\u00f3n colectiva en Readytex destaca historia y futuro compartidos"},"content":{"rendered":"<p>Readytex Art Gallery inaugura el s\u00e1bado 5 de septiembre la exposici\u00f3n colectiva \u00abMapping the Unseen | traces of memory, visions of tomorrow\u00bb. Dieciocho artistas re\u00fanen recuerdos, relatos y visiones del futuro sobre Suriname.<\/p>\n<p>La exposici\u00f3n fue compuesta por el artista y curador Dhiradj Ramsamoedj. Se inspir\u00f3 en el verso \u00abHoe wij hier ook samenkwamen\u2026\u00bb del himno nacional surinam\u00e9s. Seg\u00fan Ramsamoedj, esta frase hace referencia a los sacrificios de generaciones anteriores y a la responsabilidad de no dejar que se pierdan su historia y significado.<\/p>\n<p>Las preguntas centrales abordan la influencia del pasado en el presente y la forma en que los surinameses pueden dar forma conjuntamente al futuro. Las obras de arte seleccionadas representan, entre otros, recuerdos, sue\u00f1os e historias personales.<\/p>\n<p>Tambi\u00e9n se abordan temas como la diversidad cultural de Suriname, el desarrollo econ\u00f3mico y la vulnerabilidad de la naturaleza. Los artistas utilizan diversos estilos, materiales y perspectivas para hacer visibles estos temas.<\/p>\n<p>Con la exposici\u00f3n, Readytex Art Gallery quiere invitar a los visitantes a no considerar el pasado y el presente por separado, sino como pilares para un futuro com\u00fan. La exposici\u00f3n se vincula con el tema de MuseumN8 2026: \u00abRoots &#038; Route: Verdeeld verleden, verbonden toekomst\u00bb. En el marco de MuseumN8, la galer\u00eda permanecer\u00e1 abierta el s\u00e1bado 17 de octubre de 18.00 a 22.00 horas.<\/p>\n<p>\u00abMapping the Unseen\u00bb podr\u00e1 visitarse gratuitamente del 5 de septiembre al 31 de octubre de 2026 en Readytex Art Gallery, en Steenbakkerijstraat 30. La galer\u00eda abre de lunes a viernes de 08.00 a 16.30 horas y los s\u00e1bados de 08.30 a 13.30 horas.<\/p>\n","protected":false},"excerpt":{"rendered":"<p>Readytex Art Gallery presenta una exposici\u00f3n colectiva en la que dieciocho artistas exploran recuerdos y visiones de futuro sobre Suriname, con atenci\u00f3n a la historia, la diversidad y la sostenibilidad.<\/p>\n","protected":false},"author":3,"featured_media":186219,"comment_status":"closed","ping_status":"closed","sticky":false,"template":"","format":"standard","meta":{"rop_custom_images_group":[],"rop_custom_messages_group":[],"rop_publish_now":"initial","rop_publish_now_accounts":{"facebook_29234516172805655_1309923202201307":"","facebook_29234516172805655_1158244960706604":"","facebook_29234516172805655_1093738170500407":"","facebook_29234516172805655_108923581283702":""},"rop_publish_now_history":[],"rop_publish_now_status":"pending","jnews-multi-image_gallery":[],"jnews_single_post":[],"jnews_primary_category":[],"jnews_override_counter":[],"footnotes":""},"categories":[18698],"tags":[18440,18439,21103,16305,16307,21102,16306],"class_list":["post-186741","post","type-post","status-publish","format-standard","has-post-thumbnail","hentry","category-arte","tag-arte","tag-cultura","tag-exposicion-colectiva","tag-key-news","tag-noticias","tag-readytex","tag-surinam"],"pp_statuses_selecting_workflow":false,"pp_workflow_action":"current","pp_status_selection":"publish","pp_force_visibility":null,"pp_subpost_visibility":null,"pp_inherited_force_visibility":null,"pp_inherited_subpost_visibility":null,"_links":{"self":[{"href":"https:\/\/keynews.sr\/es\/wp-json\/wp\/v2\/posts\/186741","targetHints":{"allow":["GET"]}}],"collection":[{"href":"https:\/\/keynews.sr\/es\/wp-json\/wp\/v2\/posts"}],"about":[{"href":"https:\/\/keynews.sr\/es\/wp-json\/wp\/v2\/types\/post"}],"author":[{"embeddable":true,"href":"https:\/\/keynews.sr\/es\/wp-json\/wp\/v2\/users\/3"}],"replies":[{"embeddable":true,"href":"https:\/\/keynews.sr\/es\/wp-json\/wp\/v2\/comments?post=186741"}],"version-history":[{"count":0,"href":"https:\/\/keynews.sr\/es\/wp-json\/wp\/v2\/posts\/186741\/revisions"}],"wp:featuredmedia":[{"embeddable":true,"href":"https:\/\/keynews.sr\/es\/wp-json\/wp\/v2\/media\/186219"}],"wp:attachment":[{"href":"https:\/\/keynews.sr\/es\/wp-json\/wp\/v2\/media?parent=186741"}],"wp:term":[{"taxonomy":"category","embeddable":true,"href":"https:\/\/keynews.sr\/es\/wp-json\/wp\/v2\/categories?post=186741"},{"taxonomy":"post_tag","embeddable":true,"href":"https:\/\/keynews.sr\/es\/wp-json\/wp\/v2\/tags?post=186741"}],"curies":[{"name":"wp","href":"https:\/\/api.w.org\/{rel}","templated":true}]}}