{"id":186755,"date":"2026-09-06T12:07:21","date_gmt":"2026-09-06T15:07:21","guid":{"rendered":"https:\/\/keynews.sr\/cadaver-en-avanzado-estado-de-descomposicion-hallado-en-la-mauritsstraat\/"},"modified":"2026-09-06T12:07:21","modified_gmt":"2026-09-06T15:07:21","slug":"cadaver-en-avanzado-estado-de-descomposicion-hallado-en-la-mauritsstraat","status":"publish","type":"post","link":"https:\/\/keynews.sr\/es\/cadaver-en-avanzado-estado-de-descomposicion-hallado-en-la-mauritsstraat\/","title":{"rendered":"Cad\u00e1ver en avanzado estado de descomposici\u00f3n hallado en la Mauritsstraat"},"content":{"rendered":"<p><span class=\"dropcap \" style=\"background-color: #ffffff; color: #000000; border-color: #ffffff;\">En<\/span> una zona boscosa de la Mauritsstraat fue hallado el s\u00e1bado por la tarde un cad\u00e1ver en avanzado estado de descomposici\u00f3n. La identidad de la persona fallecida y la causa de muerte a\u00fan no se conocen.<\/p>\n<p>La polic\u00eda de Leiding acudi\u00f3 al lugar despu\u00e9s de que se recibiera un aviso alrededor de las 13.59 horas. En la zona, los agentes encontraron el cad\u00e1ver.<\/p>\n<p>Las autoridades competentes han sido activadas para investigar la identidad de la persona fallecida y las circunstancias en torno al fallecimiento.<\/p>\n<p>Por el momento, la polic\u00eda no ha divulgado m\u00e1s informaci\u00f3n. Se esperan m\u00e1s detalles.<\/p>\n","protected":false},"excerpt":{"rendered":"<p>En una zona boscosa de la Mauritsstraat fue hallado un cad\u00e1ver en avanzado estado de descomposici\u00f3n. La identidad y la causa de muerte a\u00fan se desconocen; la investigaci\u00f3n contin\u00faa.<\/p>\n","protected":false},"author":3,"featured_media":27971,"comment_status":"closed","ping_status":"closed","sticky":false,"template":"","format":"standard","meta":{"rop_custom_images_group":[],"rop_custom_messages_group":[],"rop_publish_now":"initial","rop_publish_now_accounts":{"facebook_29234516172805655_1309923202201307":"","facebook_29234516172805655_1158244960706604":"","facebook_29234516172805655_1093738170500407":"","facebook_29234516172805655_108923581283702":""},"rop_publish_now_history":[],"rop_publish_now_status":"pending","jnews-multi-image_gallery":[],"jnews_single_post":[],"jnews_primary_category":[],"jnews_override_counter":[],"footnotes":""},"categories":[16304],"tags":[21112,21113,16305,16307,16308,16306],"class_list":["post-186755","post","type-post","status-publish","format-standard","has-post-thumbnail","hentry","category-crimen-y-sucesos","tag-cadaver","tag-hallado","tag-key-news","tag-noticias","tag-policia","tag-surinam"],"pp_statuses_selecting_workflow":false,"pp_workflow_action":"current","pp_status_selection":"publish","pp_force_visibility":null,"pp_subpost_visibility":null,"pp_inherited_force_visibility":null,"pp_inherited_subpost_visibility":null,"_links":{"self":[{"href":"https:\/\/keynews.sr\/es\/wp-json\/wp\/v2\/posts\/186755","targetHints":{"allow":["GET"]}}],"collection":[{"href":"https:\/\/keynews.sr\/es\/wp-json\/wp\/v2\/posts"}],"about":[{"href":"https:\/\/keynews.sr\/es\/wp-json\/wp\/v2\/types\/post"}],"author":[{"embeddable":true,"href":"https:\/\/keynews.sr\/es\/wp-json\/wp\/v2\/users\/3"}],"replies":[{"embeddable":true,"href":"https:\/\/keynews.sr\/es\/wp-json\/wp\/v2\/comments?post=186755"}],"version-history":[{"count":0,"href":"https:\/\/keynews.sr\/es\/wp-json\/wp\/v2\/posts\/186755\/revisions"}],"wp:featuredmedia":[{"embeddable":true,"href":"https:\/\/keynews.sr\/es\/wp-json\/wp\/v2\/media\/27971"}],"wp:attachment":[{"href":"https:\/\/keynews.sr\/es\/wp-json\/wp\/v2\/media?parent=186755"}],"wp:term":[{"taxonomy":"category","embeddable":true,"href":"https:\/\/keynews.sr\/es\/wp-json\/wp\/v2\/categories?post=186755"},{"taxonomy":"post_tag","embeddable":true,"href":"https:\/\/keynews.sr\/es\/wp-json\/wp\/v2\/tags?post=186755"}],"curies":[{"name":"wp","href":"https:\/\/api.w.org\/{rel}","templated":true}]}}