{"id":186762,"date":"2026-09-06T13:10:16","date_gmt":"2026-09-06T16:10:16","guid":{"rendered":"https:\/\/keynews.sr\/tra-fas-de-de-otra-manera-trece-anos-sin-factura-de-electricidad-quien-pago-por-dna\/"},"modified":"2026-09-06T13:10:16","modified_gmt":"2026-09-06T16:10:16","slug":"tra-fas-de-de-otra-manera-trece-anos-sin-factura-de-electricidad-quien-pago-por-dna","status":"publish","type":"post","link":"https:\/\/keynews.sr\/es\/tra-fas-de-de-otra-manera-trece-anos-sin-factura-de-electricidad-quien-pago-por-dna\/","title":{"rendered":"Tra Fas De (de otra manera): Trece a\u00f1os sin factura de electricidad: \u00bfqui\u00e9n pag\u00f3 por DNA?"},"content":{"rendered":"<p><span class=\"dropcap \" style=\"background-color: #ffffff; color: #000000; border-color: #ffffff;\">E<\/span>l director de la EBS, Leo Brunswijk, fue claro: seg\u00fan \u00e9l, los miembros de De Nationale Assembl\u00e9e (el Parlamento de Surinam) primero deber\u00edan revisar su propia factura de electricidad antes de criticar a la empresa de energ\u00eda. Seg\u00fan Brunswijk, DNA no paga por la electricidad e incluso habr\u00eda motivos para cortar el suministro el\u00e9ctrico al Parlamento.<\/p>\n<p>El presidente de DNA, Ashwin Adhin, lo contradice. Seg\u00fan \u00e9l, el Parlamento no tiene atrasos de pago, porque DNA nunca ha recibido facturas de la EBS.<\/p>\n<p>Adem\u00e1s, afirma que DNA ya en 2013 solicit\u00f3 por escrito a la EBS que enviara las facturas al Parlamento, para que pudieran pagarse mensualmente.<\/p>\n<p>Y ah\u00ed es donde comienza para m\u00ed la historia.<\/p>\n<h2>\u00bfQui\u00e9n pag\u00f3 el consumo de electricidad?<\/h2>\n<p>Porque si DNA no ha recibido una factura de energ\u00eda desde 2013, \u00bfqu\u00e9 ha ocurrido entonces durante todos estos a\u00f1os con el consumo el\u00e9ctrico del Parlamento?<\/p>\n<p>\u00bfNo se ha pagado absolutamente nada desde 2013?<\/p>\n<p>\u00bfO los costos de electricidad de DNA fueron pagados por otra instituci\u00f3n gubernamental, por ejemplo a trav\u00e9s de un ministerio?<\/p>\n<p>Y si es as\u00ed: \u00bfqu\u00e9 ministerio pag\u00f3, de qu\u00e9 montos se trat\u00f3 y por qu\u00e9 a\u00f1os?<\/p>\n<p>Eso deber\u00eda poder encontrarse en la administraci\u00f3n de la EBS.<\/p>\n<p>Si realmente durante a\u00f1os no se enviaron facturas a DNA, \u00bfpor qu\u00e9 nadie volvi\u00f3 a ocuparse seriamente de ello despu\u00e9s de 2013? Naturalmente, la responsabilidad de enviar una factura recae en primer lugar en el proveedor. Pero cuando sabes que utilizas electricidad y durante a\u00f1os no recibes una factura, \u00bfno preguntas t\u00fa mismo: d\u00f3nde est\u00e1 esa factura?<\/p>\n<p>Despu\u00e9s de todo, aqu\u00ed no hablamos de unos pocos meses. Hablamos de un asunto que, seg\u00fan el presidente de DNA, se remonta a 2013. Eso ya son trece a\u00f1os.<\/p>\n<h2>\u00bfPor qu\u00e9 la EBS no intervino?<\/h2>\n<p>\u00bfY por qu\u00e9 la EBS no dio la alarma antes? \u00bfPor qu\u00e9 se acept\u00f3 esta situaci\u00f3n durante todos esos a\u00f1os? De lo contrario, \u00bfpor qu\u00e9 Leo Brunswijk dir\u00eda que existe una deuda?<\/p>\n<p>Si la EBS estaba al tanto de atrasos de pago, \u00bfpor qu\u00e9 la empresa no actu\u00f3?<\/p>\n<p>\u00bfSe trata aqu\u00ed de una administraci\u00f3n indebida?<\/p>\n<p>\u00bfA nombre de qui\u00e9n est\u00e1 registrada realmente la conexi\u00f3n del edificio parlamentario? \u00bfQui\u00e9n figura ante la EBS como deudor? \u00bfQu\u00e9 consta en esa cuenta de cliente? \u00bfHay realmente una deuda registrada en ella? Y, de ser as\u00ed, \u00bfqu\u00e9 tan grande es esa deuda?<\/p>\n<p>Porque de ah\u00ed debe salir finalmente la respuesta.<\/p>\n<p>Brunswijk puede decir que DNA no paga. Adhin puede decir que DNA no ha recibido facturas. Pero la administraci\u00f3n de la EBS debe poder demostrar qu\u00e9 ocurri\u00f3 realmente.<\/p>\n<p>Eso se llama transparencia.<\/p>\n<h2>Pongan la administraci\u00f3n sobre la mesa<\/h2>\n<p>Si Brunswijk dice que DNA, debido a los atrasos de pago, en realidad deber\u00eda ser desconectada, sugiere que la EBS sabe exactamente qu\u00e9 montos est\u00e1n pendientes. Esos montos tambi\u00e9n deben ser visibles en la administraci\u00f3n.<\/p>\n<p>\u00bfDe qu\u00e9 per\u00edodo se trata? \u00bfQu\u00e9 facturas fueron registradas? \u00bfY a qui\u00e9n se enviaron esas facturas?<\/p>\n<p>No son preguntas complicadas.<\/p>\n<p>Pongan la administraci\u00f3n sobre la mesa.<\/p>\n<p>Entonces sabremos si DNA efectivamente no pag\u00f3 su factura de electricidad durante a\u00f1os, si otra instituci\u00f3n gubernamental pag\u00f3 la factura o si la EBS suministr\u00f3 electricidad durante trece a\u00f1os sin facturar debidamente.<\/p>\n<p>Cualquiera que sea una de estas tres respuestas: hay algo que explicar.<\/p>\n","protected":false},"excerpt":{"rendered":"<p>De Nationale Assembl\u00e9e (el parlamento de Surinam) no recibe facturas de electricidad de EBS desde 2013, mientras el director Brunswijk habla de atrasos de pago y de un posible corte del suministro al parlamento. Falta transparencia.<\/p>\n","protected":false},"author":265,"featured_media":176805,"comment_status":"closed","ping_status":"closed","sticky":false,"template":"","format":"standard","meta":{"rop_custom_images_group":[],"rop_custom_messages_group":[],"rop_publish_now":"initial","rop_publish_now_accounts":{"facebook_29234516172805655_1309923202201307":"","facebook_29234516172805655_1158244960706604":"","facebook_29234516172805655_1093738170500407":"","facebook_29234516172805655_108923581283702":""},"rop_publish_now_history":[],"rop_publish_now_status":"pending","jnews-multi-image_gallery":[],"jnews_single_post":[],"jnews_primary_category":[],"jnews_override_counter":[],"footnotes":""},"categories":[18415],"tags":[18449,20100,18458,16305,16307,18480,16306,18457],"class_list":["post-186762","post","type-post","status-publish","format-standard","has-post-thumbnail","hentry","category-hay-otra-manera","tag-columna","tag-ebs","tag-gloria-bottse","tag-key-news","tag-noticias","tag-opinion","tag-surinam","tag-tra-fas-de"],"pp_statuses_selecting_workflow":false,"pp_workflow_action":"current","pp_status_selection":"publish","pp_force_visibility":null,"pp_subpost_visibility":null,"pp_inherited_force_visibility":null,"pp_inherited_subpost_visibility":null,"_links":{"self":[{"href":"https:\/\/keynews.sr\/es\/wp-json\/wp\/v2\/posts\/186762","targetHints":{"allow":["GET"]}}],"collection":[{"href":"https:\/\/keynews.sr\/es\/wp-json\/wp\/v2\/posts"}],"about":[{"href":"https:\/\/keynews.sr\/es\/wp-json\/wp\/v2\/types\/post"}],"author":[{"embeddable":true,"href":"https:\/\/keynews.sr\/es\/wp-json\/wp\/v2\/users\/265"}],"replies":[{"embeddable":true,"href":"https:\/\/keynews.sr\/es\/wp-json\/wp\/v2\/comments?post=186762"}],"version-history":[{"count":0,"href":"https:\/\/keynews.sr\/es\/wp-json\/wp\/v2\/posts\/186762\/revisions"}],"wp:featuredmedia":[{"embeddable":true,"href":"https:\/\/keynews.sr\/es\/wp-json\/wp\/v2\/media\/176805"}],"wp:attachment":[{"href":"https:\/\/keynews.sr\/es\/wp-json\/wp\/v2\/media?parent=186762"}],"wp:term":[{"taxonomy":"category","embeddable":true,"href":"https:\/\/keynews.sr\/es\/wp-json\/wp\/v2\/categories?post=186762"},{"taxonomy":"post_tag","embeddable":true,"href":"https:\/\/keynews.sr\/es\/wp-json\/wp\/v2\/tags?post=186762"}],"curies":[{"name":"wp","href":"https:\/\/api.w.org\/{rel}","templated":true}]}}