{"id":186787,"date":"2026-09-06T18:19:20","date_gmt":"2026-09-06T21:19:20","guid":{"rendered":"https:\/\/keynews.sr\/?p=186787"},"modified":"2026-09-06T18:19:20","modified_gmt":"2026-09-06T21:19:20","slug":"enviado-diaspora-la-nacionalidad-surinamesa-debe-ser-un-derecho-no-un-favor-politico","status":"publish","type":"post","link":"https:\/\/keynews.sr\/es\/enviado-diaspora-la-nacionalidad-surinamesa-debe-ser-un-derecho-no-un-favor-politico\/","title":{"rendered":"Enviado: Di\u00e1spora: \u00a1La nacionalidad surinamesa debe ser un derecho! No un favor pol\u00edtico"},"content":{"rendered":"<p><span class=\"dropcap \" style=\"background-color: #ffffff; color: #000000; border-color: #ffffff;\">La<\/span> Nationale Assembl\u00e9e (DNA, parlamento de Surinam) debatir\u00e1 el lunes 7 de septiembre el proyecto de ley de iniciativa para modificar la Wet op het Surinamerschap en het Ingezetenschap. Seg\u00fan el dr. Ruben F. del Prado, el tratamiento ofrece una oportunidad hist\u00f3rica para regular finalmente de manera justa y sostenible el v\u00ednculo entre Surinam y la di\u00e1spora mundial. Sin embargo, advierte que la propuesta Nota van Wijziging es demasiado limitada y deja demasiado margen para la selecci\u00f3n pol\u00edtica y administrativa.<\/p>\n<p>El motivo directo de la modificaci\u00f3n legislativa es la posici\u00f3n de los jugadores de Natio de origen surinam\u00e9s. Debido a un plazo internacional del 24 de septiembre, se requiere una r\u00e1pida toma de decisiones para que estos jugadores puedan representar a Surinam a tiempo.<\/p>\n<p>Del Prado comprende la urgencia y apoya un procedimiento acelerado para los jugadores involucrados. Sin embargo, seg\u00fan \u00e9l, la presi\u00f3n del tiempo no debe conducir a una legislaci\u00f3n descuidada que posteriormente cause problemas jur\u00eddicos y sociales.<\/p>\n<p>\u201cLaten we Natio helpen. Dat betekent niet dat ons parlement een wet moet aannemen die voor een kleine groep rechten cre\u00ebert en duizenden anderen met precies dezelfde Surinaamse afkomst buitensluit\u201d (Ayudemos a Natio. Eso no significa que nuestro parlamento deba aprobar una ley que cree derechos para un peque\u00f1o grupo y excluya a miles de otras personas con exactamente el mismo origen surinam\u00e9s), afirma.<\/p>\n<h2>Contradicci\u00f3n en la regulaci\u00f3n propuesta<\/h2>\n<p>La regulaci\u00f3n propuesta establece que la nacionalidad surinamesa se adquiere \u201cvan rechtswege\u201d (por ministerio de la ley). Al mismo tiempo, esa adquisici\u00f3n depende de una propuesta de un ministro y de una designaci\u00f3n personal por parte del presidente.<\/p>\n<p>Seg\u00fan Del Prado, esto es jur\u00eddicamente contradictorio.<\/p>\n<p>\u201cAls een minister iemand moet voordragen en de president die persoon moet aanwijzen, is er geen sprake van een automatisch recht. Dan blijft de nationaliteit afhankelijk van een politieke en bestuurlijke beslissing\u201d (Si un ministro debe proponer a alguien y el presidente debe designar a esa persona, no se trata de un derecho autom\u00e1tico. Entonces la nacionalidad sigue dependiendo de una decisi\u00f3n pol\u00edtica y administrativa).<\/p>\n<p>Se\u00f1ala que faltan criterios claros y objetivos. Asimismo, la transparencia, los controles de seguridad, la obligaci\u00f3n de motivar y las posibilidades de objeci\u00f3n y apelaci\u00f3n est\u00e1n regulados de forma insuficiente. Como consecuencia, puede surgir margen para la influencia pol\u00edtica, el trato desigual y la arbitrariedad.<\/p>\n<h2>La nacionalidad no es una recompensa<\/h2>\n<p>Seg\u00fan Del Prado, la nacionalidad surinamesa no debe utilizarse como recompensa por logros deportivos, m\u00e9ritos cient\u00edficos, el desempe\u00f1o de una funci\u00f3n especial o utilidad econ\u00f3mica.<\/p>\n<p>\u201cNationaliteit is geen medaille of onderscheiding. Je kunt die niet alleen geven aan mensen die op een bepaald moment belangrijk of nuttig worden gevonden voor Suriname\u201d (La nacionalidad no es una medalla ni una distinci\u00f3n. No se la puede otorgar \u00fanicamente a personas que en determinado momento se consideran importantes o \u00fatiles para Surinam).<\/p>\n<p>Si el origen surinam\u00e9s constituye el v\u00ednculo principal con el pa\u00eds, ese v\u00ednculo debe, seg\u00fan \u00e9l, ser reconocido mediante las mismas reglas objetivas para todas las personas de origen surinam\u00e9s. No debe hacerse ninguna distinci\u00f3n basada en profesi\u00f3n, formaci\u00f3n, ingresos, logros, nacionalidad actual o pa\u00eds de residencia.<\/p>\n<p>Esto se ajusta al principio de <em>jus sanguinis<\/em>: nacionalidad basada en la descendencia.<\/p>\n<p>Por lo tanto, la ley no deber\u00eda estar dirigida \u00fanicamente a un peque\u00f1o n\u00famero de titulares seleccionados de PSA, deportistas, personal de alto nivel o cient\u00edficos. La regulaci\u00f3n debe ser accesible para personas de origen surinam\u00e9s en los Pa\u00edses Bajos, Estados Unidos, Canad\u00e1, Australia, el Caribe y todos los dem\u00e1s pa\u00edses donde reside la di\u00e1spora surinamesa.<\/p>\n<h2>Registro en lugar de selecci\u00f3n pol\u00edtica<\/h2>\n<p>Del Prado aboga por una regulaci\u00f3n mediante la cual el Estado determine jur\u00eddicamente la identidad y el origen surinam\u00e9s de una persona. Quien cumpla las condiciones establecidas de antemano debe ser registrado conforme al mismo procedimiento.<\/p>\n<p>El legislador puede determinar qu\u00e9 generaciones est\u00e1n comprendidas en la regulaci\u00f3n, c\u00f3mo debe demostrarse el v\u00ednculo familiar y qu\u00e9 documentos oficiales son necesarios. Para todos deben aplicarse los mismos controles sobre identidad, origen, fraude, antecedentes penales y seguridad nacional.<\/p>\n<p>Toda decisi\u00f3n debe estar claramente motivada. Quien sea rechazado debe tener la posibilidad de presentar una objeci\u00f3n o interponer una apelaci\u00f3n.<\/p>\n<p>Asimismo, nadie debe obtener la nacionalidad surinamesa sin saberlo o sin consentirlo. Seg\u00fan Del Prado, esto puede tener consecuencias imprevistas para otra nacionalidad y para la situaci\u00f3n jur\u00eddica de la persona involucrada.<\/p>\n<h2>Soluci\u00f3n provisional propuesta para Natio<\/h2>\n<p>Para cumplir el plazo del 24 de septiembre, Del Prado propone la siguiente soluci\u00f3n provisional pr\u00e1ctica:<\/p>\n<ol>\n<li>Introducir de inmediato un procedimiento acelerado para los jugadores de Natio involucrados.<\/li>\n<li>Dejar claro por ley que se trata de una soluci\u00f3n temporal de emergencia y no de una ventaja exclusiva permanente para los deportistas.<\/li>\n<li>Trabajar simult\u00e1neamente en una regulaci\u00f3n clara y transparente para todas las personas de origen surinam\u00e9s.<\/li>\n<li>Utilizar el registro y la determinaci\u00f3n jur\u00eddica en lugar de la selecci\u00f3n pol\u00edtica.<\/li>\n<li>Incorporar para todos los mismos controles de identidad, descendencia, fraude y seguridad.<\/li>\n<li>Garantizar decisiones motivadas y una protecci\u00f3n jur\u00eddica efectiva.<\/li>\n<\/ol>\n<p>Seg\u00fan Del Prado, un tratamiento acelerado para deportistas debido a un plazo internacional estricto es defendible. Un derecho exclusivo a la nacionalidad para deportistas, cient\u00edficos u otros grupos seleccionados no lo es.<\/p>\n<h2>Llamado desde la di\u00e1spora<\/h2>\n<p>El 19 de enero de 2026, un grupo internacionalmente compuesto por catorce surinameses se dirigi\u00f3 en una carta abierta al presidente de la Rep\u00fablica de Surinam, al presidente de De Nationale Assembl\u00e9e y al ministro de Buitenlandse Zaken, International Business en Internationale Samenwerking.<\/p>\n<p>El grupo inst\u00f3 al Estado a desarrollar finalmente las obligaciones existentes hacia las personas de origen surinam\u00e9s en una pol\u00edtica nacional coherente sobre la di\u00e1spora. Tambi\u00e9n abog\u00f3 por la creaci\u00f3n de un Directoraat Diasporabeleid, que pueda coordinar el registro, los servicios, la transferencia de conocimientos, las inversiones y la cooperaci\u00f3n con organizaciones de la di\u00e1spora.<\/p>\n<p>Lea aqu\u00ed la <a href=\"https:\/\/www.starnieuws.com\/index.php\/welcome\/index\/nieuwsitem\/90232\" target=\"_blank\" rel=\"noopener\">carta abierta al presidente de la Rep\u00fablica de Surinam<\/a>.<\/p>\n<p>Seg\u00fan Del Prado, uno de los firmantes de la carta abierta, el debate actual debe ir m\u00e1s all\u00e1 de la situaci\u00f3n urgente en torno a Natio.<\/p>\n<p>\u201cDit is een kans om na vijftig jaar een rechtvaardige regeling voor de hele Surinaamse diaspora tot stand te brengen. We moeten snel handelen waar dat nodig is, maar met gelijke rechten, goede veiligheidswaarborgen en rechtszekerheid voor alle Surinamers wereldwijd\u201d (Esta es una oportunidad para establecer, despu\u00e9s de cincuenta a\u00f1os, una regulaci\u00f3n justa para toda la di\u00e1spora surinamesa. Debemos actuar r\u00e1pidamente donde sea necesario, pero con derechos iguales, buenas garant\u00edas de seguridad y certeza jur\u00eddica para todos los surinameses en todo el mundo).<\/p>\n<p>Su mensaje central al Gobierno y al parlamento es claro:<\/p>\n<p><strong>\u201cGeen gunsten. Geen willekeur. E\u00e9n transparante regeling voor iedereen van Surinaamse afkomst\u201d (No favores. No arbitrariedad. Una regulaci\u00f3n transparente para todas las personas de origen surinam\u00e9s).<\/strong><\/p>\n<p><strong>Enviado por el dr. Ruben F. del Prado<br \/>\n<\/strong><strong>Contacto de prensa:<\/strong> <a href=\"mailto:dekati@dekati.org\">dekati@dekati.org<\/a> | WhatsApp: (+597) 847-0372<\/p>\n","protected":false},"excerpt":{"rendered":"<p>De Nationale Assembl\u00e9e (el parlamento de Surinam) trata un proyecto de ley para otorgar la nacionalidad surinamesa de manera m\u00e1s transparente y justa a la di\u00e1spora, sin selecci\u00f3n pol\u00edtica ni arbitrariedad.<\/p>\n","protected":false},"author":31,"featured_media":15545,"comment_status":"closed","ping_status":"closed","sticky":false,"template":"","format":"standard","meta":{"rop_custom_images_group":[],"rop_custom_messages_group":[],"rop_publish_now":"initial","rop_publish_now_accounts":{"facebook_29234516172805655_1309923202201307":"","facebook_29234516172805655_1158244960706604":"","facebook_29234516172805655_1093738170500407":"","facebook_29234516172805655_108923581283702":""},"rop_publish_now_history":[],"rop_publish_now_status":"pending","jnews-multi-image_gallery":[],"jnews_single_post":[],"jnews_primary_category":[],"jnews_override_counter":[],"footnotes":""},"categories":[18428],"tags":[21125,20514,16305,18453,16307,21124,16306],"class_list":["post-186787","post","type-post","status-publish","format-standard","has-post-thumbnail","hentry","category-articulos-enviados","tag-dekatie","tag-enviado","tag-key-news","tag-natio","tag-noticias","tag-ruben-del-prado","tag-surinam"],"pp_statuses_selecting_workflow":false,"pp_workflow_action":"current","pp_status_selection":"publish","pp_force_visibility":null,"pp_subpost_visibility":null,"pp_inherited_force_visibility":null,"pp_inherited_subpost_visibility":null,"_links":{"self":[{"href":"https:\/\/keynews.sr\/es\/wp-json\/wp\/v2\/posts\/186787","targetHints":{"allow":["GET"]}}],"collection":[{"href":"https:\/\/keynews.sr\/es\/wp-json\/wp\/v2\/posts"}],"about":[{"href":"https:\/\/keynews.sr\/es\/wp-json\/wp\/v2\/types\/post"}],"author":[{"embeddable":true,"href":"https:\/\/keynews.sr\/es\/wp-json\/wp\/v2\/users\/31"}],"replies":[{"embeddable":true,"href":"https:\/\/keynews.sr\/es\/wp-json\/wp\/v2\/comments?post=186787"}],"version-history":[{"count":1,"href":"https:\/\/keynews.sr\/es\/wp-json\/wp\/v2\/posts\/186787\/revisions"}],"predecessor-version":[{"id":186820,"href":"https:\/\/keynews.sr\/es\/wp-json\/wp\/v2\/posts\/186787\/revisions\/186820"}],"wp:featuredmedia":[{"embeddable":true,"href":"https:\/\/keynews.sr\/es\/wp-json\/wp\/v2\/media\/15545"}],"wp:attachment":[{"href":"https:\/\/keynews.sr\/es\/wp-json\/wp\/v2\/media?parent=186787"}],"wp:term":[{"taxonomy":"category","embeddable":true,"href":"https:\/\/keynews.sr\/es\/wp-json\/wp\/v2\/categories?post=186787"},{"taxonomy":"post_tag","embeddable":true,"href":"https:\/\/keynews.sr\/es\/wp-json\/wp\/v2\/tags?post=186787"}],"curies":[{"name":"wp","href":"https:\/\/api.w.org\/{rel}","templated":true}]}}